{"id":6762,"date":"2021-11-25T11:00:00","date_gmt":"2021-11-25T14:00:00","guid":{"rendered":"http:\/\/plataformacipo.org\/?p=6762"},"modified":"2021-11-25T12:20:34","modified_gmt":"2021-11-25T15:20:34","slug":"cipo-and-labjaca-amplifying-voices-combating-environmental-and-climate-racism-in-urban-spaces-video-2","status":"publish","type":"post","link":"https:\/\/plataformacipo.org\/en\/videos-and-podcasts\/cipo-and-labjaca-amplifying-voices-combating-environmental-and-climate-racism-in-urban-spaces-video-2\/","title":{"rendered":"CIP\u00d3 and LabJaca: \u201cAmplifying Voices: Combating Environmental and Climate Racism in Urban Spaces&#8221; (Video 2)"},"content":{"rendered":"\n<p>Plataforma CIP\u00d3 and <a href=\"https:\/\/www.instagram.com\/labjaca\/\" target=\"_blank\" rel=\"noreferrer noopener\">LabJaca<\/a>, a laboratory of data and narratives from favelas and peripheries based in Rio de Janeiro, have partnered in the project <strong>\u201cAmplifying Voices: combating environmental and climate racism in urban spaces&#8221;,<\/strong> supported by the <strong>Heinrich B<em>\u00f6<\/em>ll Foundation.<\/strong><\/p>\n\n\n\n<p>As part of the project, CIP\u00d3 and LabJaca develop media content on this urgent topic. <strong>The second video produced as a result of the initiative is now life:  <\/strong><br><br>Found out more about the stories of Maria, Rumba and Ana, <meta charset=\"utf-8\">residents from favelas affected by climate change and\/or environmental degradation in Rio de Janeiro. During their interview, they address the following questions: What are the main climate and environmental challenges facing the communities of Manguinhos and Jacarezinho? Could you tell us specific examples of how these issues have impacted your lives? Do you feel abandoned by the state? What role should public authorities play in helping communities adapt and respond to environmental and climate related challenges?<\/p>\n\n\n\n<div class=\"wp-block-buttons is-content-justification-center is-layout-flex wp-block-buttons-is-layout-flex\">\n<div class=\"wp-block-button\"><a class=\"wp-block-button__link\" href=\"https:\/\/www.instagram.com\/tv\/CWtBl6gptqK\/?utm_source=ig_web_copy_link\" target=\"_blank\" rel=\"noreferrer noopener\">Watch the 2nd video of the initiative <\/a><\/div>\n<\/div>\n\n\n\n<p><a href=\"https:\/\/plataformacipo.org\/en\/videos-and-podcasts\/cipo-and-labjaca-amplifying-voices-combating-environmental-and-climate-racism-in-urban-spaces-video-1\/\" target=\"_blank\" rel=\"noreferrer noopener\">Click here<\/a> to watch the first video of the &#8220;Amplifying Voices&#8221; initiative and follow <a href=\"http:\/\/twitter.com\/plataformacipo\" target=\"_blank\" rel=\"noreferrer noopener\">CIP\u00d3<\/a> and <a href=\"http:\/\/twitter.com\/labjaca\" target=\"_blank\" rel=\"noreferrer noopener\">LabJaca <\/a>social media networks to keep to date with future content.<\/p>\n","protected":false},"excerpt":{"rendered":"<p>Plataforma CIP\u00d3 and LabJaca, a laboratory of data and narratives from favelas and peripheries based in Rio de Janeiro, have partnered in the project \u201cAmplifying Voices: combating environmental and climate racism in urban spaces&#8221;, supported by the Heinrich B\u00f6ll Foundation. As part of the project, CIP\u00d3 and LabJaca develop media content on this urgent topic. [&hellip;]<\/p>\n","protected":false},"author":4,"featured_media":6720,"comment_status":"open","ping_status":"open","sticky":false,"template":"","format":"standard","meta":{"footnotes":""},"categories":[6250],"tags":[8616,6412,8602,8601,8600,8617],"class_list":{"0":"post-6762","1":"post","2":"type-post","3":"status-publish","4":"format-standard","5":"has-post-thumbnail","7":"category-videos-and-podcasts","8":"tag-boll-en","9":"tag-climate-change","10":"tag-climate-racism","11":"tag-environmental-racism","12":"tag-favelas-en","13":"tag-labjaca-en"},"yoast_head":"<!-- This site is optimized with the Yoast SEO plugin v27.5 - https:\/\/yoast.com\/product\/yoast-seo-wordpress\/ -->\n<title>CIP\u00d3 and LabJaca: \u201cAmplifying Voices: Combating Environmental and Climate Racism in Urban Spaces&quot; (Video 2) - Plataforma CIP\u00d3<\/title>\n<meta name=\"description\" content=\"Through the project, CIP\u00d3 and LabJaca are developing audiovisual content on this urgent topic. The second video is already on air, meet Maria, Rumba and Ana, interviewed residents of favelas affected by climate change and\/or environmental degradation in Rio de Janeiro.\" \/>\n<meta name=\"robots\" content=\"index, follow, max-snippet:-1, max-image-preview:large, max-video-preview:-1\" \/>\n<link rel=\"canonical\" href=\"https:\/\/plataformacipo.org\/en\/videos-and-podcasts\/cipo-and-labjaca-amplifying-voices-combating-environmental-and-climate-racism-in-urban-spaces-video-2\/\" \/>\n<meta property=\"og:locale\" content=\"en_US\" \/>\n<meta property=\"og:type\" content=\"article\" \/>\n<meta property=\"og:title\" content=\"CIP\u00d3 and LabJaca: \u201cAmplifying Voices: Combating Environmental and Climate Racism in Urban Spaces&quot; (Video 2) - Plataforma CIP\u00d3\" \/>\n<meta property=\"og:description\" content=\"Through the project, CIP\u00d3 and LabJaca are developing audiovisual content on this urgent topic. The second video is already on air, meet Maria, Rumba and Ana, interviewed residents of favelas affected by climate change and\/or environmental degradation in Rio de Janeiro.\" \/>\n<meta property=\"og:url\" content=\"https:\/\/plataformacipo.org\/en\/videos-and-podcasts\/cipo-and-labjaca-amplifying-voices-combating-environmental-and-climate-racism-in-urban-spaces-video-2\/\" \/>\n<meta property=\"og:site_name\" content=\"Plataforma CIP\u00d3\" \/>\n<meta property=\"article:publisher\" content=\"https:\/\/www.facebook.com\/PlataformaCipo\/\" \/>\n<meta property=\"article:author\" content=\"https:\/\/www.facebook.com\/PlataformaCipo\/\" \/>\n<meta property=\"article:published_time\" content=\"2021-11-25T14:00:00+00:00\" \/>\n<meta property=\"article:modified_time\" content=\"2021-11-25T15:20:34+00:00\" \/>\n<meta property=\"og:image\" content=\"https:\/\/plataformacipo.org\/wp-content\/uploads\/2021\/11\/IMG_7144.jpg\" \/>\n\t<meta property=\"og:image:width\" content=\"1242\" \/>\n\t<meta property=\"og:image:height\" content=\"670\" \/>\n\t<meta property=\"og:image:type\" content=\"image\/jpeg\" \/>\n<meta name=\"author\" content=\"Plataforma CIP\u00d3\" \/>\n<meta name=\"twitter:card\" content=\"summary_large_image\" \/>\n<meta name=\"twitter:creator\" content=\"@https:\/\/twitter.com\/plataformacipo\" \/>\n<meta name=\"twitter:site\" content=\"@plataformacipo\" \/>\n<meta name=\"twitter:label1\" content=\"Written by\" \/>\n\t<meta name=\"twitter:data1\" content=\"Plataforma CIP\u00d3\" \/>\n\t<meta name=\"twitter:label2\" content=\"Est. reading time\" \/>\n\t<meta name=\"twitter:data2\" content=\"1 minute\" \/>\n<script type=\"application\/ld+json\" class=\"yoast-schema-graph\">{\"@context\":\"https:\\\/\\\/schema.org\",\"@graph\":[{\"@type\":\"Article\",\"@id\":\"https:\\\/\\\/plataformacipo.org\\\/en\\\/videos-and-podcasts\\\/cipo-and-labjaca-amplifying-voices-combating-environmental-and-climate-racism-in-urban-spaces-video-2\\\/#article\",\"isPartOf\":{\"@id\":\"https:\\\/\\\/plataformacipo.org\\\/en\\\/videos-and-podcasts\\\/cipo-and-labjaca-amplifying-voices-combating-environmental-and-climate-racism-in-urban-spaces-video-2\\\/\"},\"author\":{\"name\":\"Plataforma CIP\u00d3\",\"@id\":\"https:\\\/\\\/plataformacipo.org\\\/en\\\/#\\\/schema\\\/person\\\/f4f554780c9229f02bac955b33644b7b\"},\"headline\":\"CIP\u00d3 and LabJaca: \u201cAmplifying Voices: Combating Environmental and Climate Racism in Urban Spaces&#8221; (Video 2)\",\"datePublished\":\"2021-11-25T14:00:00+00:00\",\"dateModified\":\"2021-11-25T15:20:34+00:00\",\"mainEntityOfPage\":{\"@id\":\"https:\\\/\\\/plataformacipo.org\\\/en\\\/videos-and-podcasts\\\/cipo-and-labjaca-amplifying-voices-combating-environmental-and-climate-racism-in-urban-spaces-video-2\\\/\"},\"wordCount\":205,\"commentCount\":0,\"image\":{\"@id\":\"https:\\\/\\\/plataformacipo.org\\\/en\\\/videos-and-podcasts\\\/cipo-and-labjaca-amplifying-voices-combating-environmental-and-climate-racism-in-urban-spaces-video-2\\\/#primaryimage\"},\"thumbnailUrl\":\"https:\\\/\\\/plataformacipo.org\\\/wp-content\\\/uploads\\\/2021\\\/11\\\/IMG_7144.jpg\",\"keywords\":[\"boll\",\"Climate Change\",\"climate racism\",\"environmental racism\",\"favelas\",\"labjaca\"],\"articleSection\":[\"Videos and Podcasts\"],\"inLanguage\":\"en-US\",\"potentialAction\":[{\"@type\":\"CommentAction\",\"name\":\"Comment\",\"target\":[\"https:\\\/\\\/plataformacipo.org\\\/en\\\/videos-and-podcasts\\\/cipo-and-labjaca-amplifying-voices-combating-environmental-and-climate-racism-in-urban-spaces-video-2\\\/#respond\"]}]},{\"@type\":\"WebPage\",\"@id\":\"https:\\\/\\\/plataformacipo.org\\\/en\\\/videos-and-podcasts\\\/cipo-and-labjaca-amplifying-voices-combating-environmental-and-climate-racism-in-urban-spaces-video-2\\\/\",\"url\":\"https:\\\/\\\/plataformacipo.org\\\/en\\\/videos-and-podcasts\\\/cipo-and-labjaca-amplifying-voices-combating-environmental-and-climate-racism-in-urban-spaces-video-2\\\/\",\"name\":\"CIP\u00d3 and LabJaca: \u201cAmplifying Voices: Combating Environmental and Climate Racism in Urban Spaces\\\" (Video 2) - Plataforma CIP\u00d3\",\"isPartOf\":{\"@id\":\"https:\\\/\\\/plataformacipo.org\\\/en\\\/#website\"},\"primaryImageOfPage\":{\"@id\":\"https:\\\/\\\/plataformacipo.org\\\/en\\\/videos-and-podcasts\\\/cipo-and-labjaca-amplifying-voices-combating-environmental-and-climate-racism-in-urban-spaces-video-2\\\/#primaryimage\"},\"image\":{\"@id\":\"https:\\\/\\\/plataformacipo.org\\\/en\\\/videos-and-podcasts\\\/cipo-and-labjaca-amplifying-voices-combating-environmental-and-climate-racism-in-urban-spaces-video-2\\\/#primaryimage\"},\"thumbnailUrl\":\"https:\\\/\\\/plataformacipo.org\\\/wp-content\\\/uploads\\\/2021\\\/11\\\/IMG_7144.jpg\",\"datePublished\":\"2021-11-25T14:00:00+00:00\",\"dateModified\":\"2021-11-25T15:20:34+00:00\",\"author\":{\"@id\":\"https:\\\/\\\/plataformacipo.org\\\/en\\\/#\\\/schema\\\/person\\\/f4f554780c9229f02bac955b33644b7b\"},\"description\":\"Through the project, CIP\u00d3 and LabJaca are developing audiovisual content on this urgent topic. The second video is already on air, meet Maria, Rumba and Ana, interviewed residents of favelas affected by climate change and\\\/or environmental degradation in Rio de Janeiro.\",\"breadcrumb\":{\"@id\":\"https:\\\/\\\/plataformacipo.org\\\/en\\\/videos-and-podcasts\\\/cipo-and-labjaca-amplifying-voices-combating-environmental-and-climate-racism-in-urban-spaces-video-2\\\/#breadcrumb\"},\"inLanguage\":\"en-US\",\"potentialAction\":[{\"@type\":\"ReadAction\",\"target\":[\"https:\\\/\\\/plataformacipo.org\\\/en\\\/videos-and-podcasts\\\/cipo-and-labjaca-amplifying-voices-combating-environmental-and-climate-racism-in-urban-spaces-video-2\\\/\"]}]},{\"@type\":\"ImageObject\",\"inLanguage\":\"en-US\",\"@id\":\"https:\\\/\\\/plataformacipo.org\\\/en\\\/videos-and-podcasts\\\/cipo-and-labjaca-amplifying-voices-combating-environmental-and-climate-racism-in-urban-spaces-video-2\\\/#primaryimage\",\"url\":\"https:\\\/\\\/plataformacipo.org\\\/wp-content\\\/uploads\\\/2021\\\/11\\\/IMG_7144.jpg\",\"contentUrl\":\"https:\\\/\\\/plataformacipo.org\\\/wp-content\\\/uploads\\\/2021\\\/11\\\/IMG_7144.jpg\",\"width\":1242,\"height\":670},{\"@type\":\"BreadcrumbList\",\"@id\":\"https:\\\/\\\/plataformacipo.org\\\/en\\\/videos-and-podcasts\\\/cipo-and-labjaca-amplifying-voices-combating-environmental-and-climate-racism-in-urban-spaces-video-2\\\/#breadcrumb\",\"itemListElement\":[{\"@type\":\"ListItem\",\"position\":1,\"name\":\"Home\",\"item\":\"https:\\\/\\\/plataformacipo.org\\\/en\\\/home\\\/\"},{\"@type\":\"ListItem\",\"position\":2,\"name\":\"CIP\u00d3 and LabJaca: \u201cAmplifying Voices: Combating Environmental and Climate Racism in Urban Spaces&#8221; (Video 2)\"}]},{\"@type\":\"WebSite\",\"@id\":\"https:\\\/\\\/plataformacipo.org\\\/en\\\/#website\",\"url\":\"https:\\\/\\\/plataformacipo.org\\\/en\\\/\",\"name\":\"Plataforma CIP\u00d3\",\"description\":\"Site da Plataforma CIP\u00d3\",\"alternateName\":\"CIP\u00d3\",\"potentialAction\":[{\"@type\":\"SearchAction\",\"target\":{\"@type\":\"EntryPoint\",\"urlTemplate\":\"https:\\\/\\\/plataformacipo.org\\\/en\\\/?s={search_term_string}\"},\"query-input\":{\"@type\":\"PropertyValueSpecification\",\"valueRequired\":true,\"valueName\":\"search_term_string\"}}],\"inLanguage\":\"en-US\"},{\"@type\":\"Person\",\"@id\":\"https:\\\/\\\/plataformacipo.org\\\/en\\\/#\\\/schema\\\/person\\\/f4f554780c9229f02bac955b33644b7b\",\"name\":\"Plataforma CIP\u00d3\",\"image\":{\"@type\":\"ImageObject\",\"inLanguage\":\"en-US\",\"@id\":\"https:\\\/\\\/plataformacipo.org\\\/wp-content\\\/uploads\\\/2020\\\/12\\\/image-152x152_cipo-150x150.png\",\"url\":\"https:\\\/\\\/plataformacipo.org\\\/wp-content\\\/uploads\\\/2020\\\/12\\\/image-152x152_cipo-150x150.png\",\"contentUrl\":\"https:\\\/\\\/plataformacipo.org\\\/wp-content\\\/uploads\\\/2020\\\/12\\\/image-152x152_cipo-150x150.png\",\"caption\":\"Plataforma CIP\u00d3\"},\"description\":\"Plataforma CIP\u00d3 is an independent, women-led policy institute focusing on climate, governance, and peacebuilding in Latin America and the Caribbean and, more generally, the Global South.\",\"sameAs\":[\"http:\\\/\\\/plataformacipo.org\\\/\",\"https:\\\/\\\/www.facebook.com\\\/PlataformaCipo\\\/\",\"https:\\\/\\\/www.instagram.com\\\/plataformacipo\\\/\",\"https:\\\/\\\/www.linkedin.com\\\/company\\\/plataforma-cip\",\"https:\\\/\\\/x.com\\\/https:\\\/\\\/twitter.com\\\/plataformacipo\",\"https:\\\/\\\/www.youtube.com\\\/channel\\\/UCCp2nuymkZHAu2UlHr3tZGA\"],\"url\":\"https:\\\/\\\/plataformacipo.org\\\/en\\\/author\\\/cipo\\\/\"}]}<\/script>\n<!-- \/ Yoast SEO plugin. -->","yoast_head_json":{"title":"CIP\u00d3 and LabJaca: \u201cAmplifying Voices: Combating Environmental and Climate Racism in Urban Spaces\" (Video 2) - Plataforma CIP\u00d3","description":"Through the project, CIP\u00d3 and LabJaca are developing audiovisual content on this urgent topic. The second video is already on air, meet Maria, Rumba and Ana, interviewed residents of favelas affected by climate change and\/or environmental degradation in Rio de Janeiro.","robots":{"index":"index","follow":"follow","max-snippet":"max-snippet:-1","max-image-preview":"max-image-preview:large","max-video-preview":"max-video-preview:-1"},"canonical":"https:\/\/plataformacipo.org\/en\/videos-and-podcasts\/cipo-and-labjaca-amplifying-voices-combating-environmental-and-climate-racism-in-urban-spaces-video-2\/","og_locale":"en_US","og_type":"article","og_title":"CIP\u00d3 and LabJaca: \u201cAmplifying Voices: Combating Environmental and Climate Racism in Urban Spaces\" (Video 2) - Plataforma CIP\u00d3","og_description":"Through the project, CIP\u00d3 and LabJaca are developing audiovisual content on this urgent topic. The second video is already on air, meet Maria, Rumba and Ana, interviewed residents of favelas affected by climate change and\/or environmental degradation in Rio de Janeiro.","og_url":"https:\/\/plataformacipo.org\/en\/videos-and-podcasts\/cipo-and-labjaca-amplifying-voices-combating-environmental-and-climate-racism-in-urban-spaces-video-2\/","og_site_name":"Plataforma CIP\u00d3","article_publisher":"https:\/\/www.facebook.com\/PlataformaCipo\/","article_author":"https:\/\/www.facebook.com\/PlataformaCipo\/","article_published_time":"2021-11-25T14:00:00+00:00","article_modified_time":"2021-11-25T15:20:34+00:00","og_image":[{"width":1242,"height":670,"url":"https:\/\/plataformacipo.org\/wp-content\/uploads\/2021\/11\/IMG_7144.jpg","type":"image\/jpeg"}],"author":"Plataforma CIP\u00d3","twitter_card":"summary_large_image","twitter_creator":"@https:\/\/twitter.com\/plataformacipo","twitter_site":"@plataformacipo","twitter_misc":{"Written by":"Plataforma CIP\u00d3","Est. reading time":"1 minute"},"schema":{"@context":"https:\/\/schema.org","@graph":[{"@type":"Article","@id":"https:\/\/plataformacipo.org\/en\/videos-and-podcasts\/cipo-and-labjaca-amplifying-voices-combating-environmental-and-climate-racism-in-urban-spaces-video-2\/#article","isPartOf":{"@id":"https:\/\/plataformacipo.org\/en\/videos-and-podcasts\/cipo-and-labjaca-amplifying-voices-combating-environmental-and-climate-racism-in-urban-spaces-video-2\/"},"author":{"name":"Plataforma CIP\u00d3","@id":"https:\/\/plataformacipo.org\/en\/#\/schema\/person\/f4f554780c9229f02bac955b33644b7b"},"headline":"CIP\u00d3 and LabJaca: \u201cAmplifying Voices: Combating Environmental and Climate Racism in Urban Spaces&#8221; (Video 2)","datePublished":"2021-11-25T14:00:00+00:00","dateModified":"2021-11-25T15:20:34+00:00","mainEntityOfPage":{"@id":"https:\/\/plataformacipo.org\/en\/videos-and-podcasts\/cipo-and-labjaca-amplifying-voices-combating-environmental-and-climate-racism-in-urban-spaces-video-2\/"},"wordCount":205,"commentCount":0,"image":{"@id":"https:\/\/plataformacipo.org\/en\/videos-and-podcasts\/cipo-and-labjaca-amplifying-voices-combating-environmental-and-climate-racism-in-urban-spaces-video-2\/#primaryimage"},"thumbnailUrl":"https:\/\/plataformacipo.org\/wp-content\/uploads\/2021\/11\/IMG_7144.jpg","keywords":["boll","Climate Change","climate racism","environmental racism","favelas","labjaca"],"articleSection":["Videos and Podcasts"],"inLanguage":"en-US","potentialAction":[{"@type":"CommentAction","name":"Comment","target":["https:\/\/plataformacipo.org\/en\/videos-and-podcasts\/cipo-and-labjaca-amplifying-voices-combating-environmental-and-climate-racism-in-urban-spaces-video-2\/#respond"]}]},{"@type":"WebPage","@id":"https:\/\/plataformacipo.org\/en\/videos-and-podcasts\/cipo-and-labjaca-amplifying-voices-combating-environmental-and-climate-racism-in-urban-spaces-video-2\/","url":"https:\/\/plataformacipo.org\/en\/videos-and-podcasts\/cipo-and-labjaca-amplifying-voices-combating-environmental-and-climate-racism-in-urban-spaces-video-2\/","name":"CIP\u00d3 and LabJaca: \u201cAmplifying Voices: Combating Environmental and Climate Racism in Urban Spaces\" (Video 2) - Plataforma CIP\u00d3","isPartOf":{"@id":"https:\/\/plataformacipo.org\/en\/#website"},"primaryImageOfPage":{"@id":"https:\/\/plataformacipo.org\/en\/videos-and-podcasts\/cipo-and-labjaca-amplifying-voices-combating-environmental-and-climate-racism-in-urban-spaces-video-2\/#primaryimage"},"image":{"@id":"https:\/\/plataformacipo.org\/en\/videos-and-podcasts\/cipo-and-labjaca-amplifying-voices-combating-environmental-and-climate-racism-in-urban-spaces-video-2\/#primaryimage"},"thumbnailUrl":"https:\/\/plataformacipo.org\/wp-content\/uploads\/2021\/11\/IMG_7144.jpg","datePublished":"2021-11-25T14:00:00+00:00","dateModified":"2021-11-25T15:20:34+00:00","author":{"@id":"https:\/\/plataformacipo.org\/en\/#\/schema\/person\/f4f554780c9229f02bac955b33644b7b"},"description":"Through the project, CIP\u00d3 and LabJaca are developing audiovisual content on this urgent topic. The second video is already on air, meet Maria, Rumba and Ana, interviewed residents of favelas affected by climate change and\/or environmental degradation in Rio de Janeiro.","breadcrumb":{"@id":"https:\/\/plataformacipo.org\/en\/videos-and-podcasts\/cipo-and-labjaca-amplifying-voices-combating-environmental-and-climate-racism-in-urban-spaces-video-2\/#breadcrumb"},"inLanguage":"en-US","potentialAction":[{"@type":"ReadAction","target":["https:\/\/plataformacipo.org\/en\/videos-and-podcasts\/cipo-and-labjaca-amplifying-voices-combating-environmental-and-climate-racism-in-urban-spaces-video-2\/"]}]},{"@type":"ImageObject","inLanguage":"en-US","@id":"https:\/\/plataformacipo.org\/en\/videos-and-podcasts\/cipo-and-labjaca-amplifying-voices-combating-environmental-and-climate-racism-in-urban-spaces-video-2\/#primaryimage","url":"https:\/\/plataformacipo.org\/wp-content\/uploads\/2021\/11\/IMG_7144.jpg","contentUrl":"https:\/\/plataformacipo.org\/wp-content\/uploads\/2021\/11\/IMG_7144.jpg","width":1242,"height":670},{"@type":"BreadcrumbList","@id":"https:\/\/plataformacipo.org\/en\/videos-and-podcasts\/cipo-and-labjaca-amplifying-voices-combating-environmental-and-climate-racism-in-urban-spaces-video-2\/#breadcrumb","itemListElement":[{"@type":"ListItem","position":1,"name":"Home","item":"https:\/\/plataformacipo.org\/en\/home\/"},{"@type":"ListItem","position":2,"name":"CIP\u00d3 and LabJaca: \u201cAmplifying Voices: Combating Environmental and Climate Racism in Urban Spaces&#8221; (Video 2)"}]},{"@type":"WebSite","@id":"https:\/\/plataformacipo.org\/en\/#website","url":"https:\/\/plataformacipo.org\/en\/","name":"Plataforma CIP\u00d3","description":"Site da Plataforma CIP\u00d3","alternateName":"CIP\u00d3","potentialAction":[{"@type":"SearchAction","target":{"@type":"EntryPoint","urlTemplate":"https:\/\/plataformacipo.org\/en\/?s={search_term_string}"},"query-input":{"@type":"PropertyValueSpecification","valueRequired":true,"valueName":"search_term_string"}}],"inLanguage":"en-US"},{"@type":"Person","@id":"https:\/\/plataformacipo.org\/en\/#\/schema\/person\/f4f554780c9229f02bac955b33644b7b","name":"Plataforma CIP\u00d3","image":{"@type":"ImageObject","inLanguage":"en-US","@id":"https:\/\/plataformacipo.org\/wp-content\/uploads\/2020\/12\/image-152x152_cipo-150x150.png","url":"https:\/\/plataformacipo.org\/wp-content\/uploads\/2020\/12\/image-152x152_cipo-150x150.png","contentUrl":"https:\/\/plataformacipo.org\/wp-content\/uploads\/2020\/12\/image-152x152_cipo-150x150.png","caption":"Plataforma CIP\u00d3"},"description":"Plataforma CIP\u00d3 is an independent, women-led policy institute focusing on climate, governance, and peacebuilding in Latin America and the Caribbean and, more generally, the Global South.","sameAs":["http:\/\/plataformacipo.org\/","https:\/\/www.facebook.com\/PlataformaCipo\/","https:\/\/www.instagram.com\/plataformacipo\/","https:\/\/www.linkedin.com\/company\/plataforma-cip","https:\/\/x.com\/https:\/\/twitter.com\/plataformacipo","https:\/\/www.youtube.com\/channel\/UCCp2nuymkZHAu2UlHr3tZGA"],"url":"https:\/\/plataformacipo.org\/en\/author\/cipo\/"}]}},"_links":{"self":[{"href":"https:\/\/plataformacipo.org\/en\/wp-json\/wp\/v2\/posts\/6762","targetHints":{"allow":["GET"]}}],"collection":[{"href":"https:\/\/plataformacipo.org\/en\/wp-json\/wp\/v2\/posts"}],"about":[{"href":"https:\/\/plataformacipo.org\/en\/wp-json\/wp\/v2\/types\/post"}],"author":[{"embeddable":true,"href":"https:\/\/plataformacipo.org\/en\/wp-json\/wp\/v2\/users\/4"}],"replies":[{"embeddable":true,"href":"https:\/\/plataformacipo.org\/en\/wp-json\/wp\/v2\/comments?post=6762"}],"version-history":[{"count":0,"href":"https:\/\/plataformacipo.org\/en\/wp-json\/wp\/v2\/posts\/6762\/revisions"}],"wp:featuredmedia":[{"embeddable":true,"href":"https:\/\/plataformacipo.org\/en\/wp-json\/wp\/v2\/media\/6720"}],"wp:attachment":[{"href":"https:\/\/plataformacipo.org\/en\/wp-json\/wp\/v2\/media?parent=6762"}],"wp:term":[{"taxonomy":"category","embeddable":true,"href":"https:\/\/plataformacipo.org\/en\/wp-json\/wp\/v2\/categories?post=6762"},{"taxonomy":"post_tag","embeddable":true,"href":"https:\/\/plataformacipo.org\/en\/wp-json\/wp\/v2\/tags?post=6762"}],"curies":[{"name":"wp","href":"https:\/\/api.w.org\/{rel}","templated":true}]}}