{"id":4810,"date":"2021-04-18T14:37:20","date_gmt":"2021-04-18T17:37:20","guid":{"rendered":"http:\/\/plataformacipo.org\/?p=4810"},"modified":"2021-04-20T13:54:36","modified_gmt":"2021-04-20T16:54:36","slug":"cipo-takes-part-on-roundtable-about-the-pan-amazon","status":"publish","type":"post","link":"https:\/\/plataformacipo.org\/en\/events\/cipo-takes-part-on-roundtable-about-the-pan-amazon\/","title":{"rendered":"CIP\u00d3 takes part in &#8220;The North and the Pan-Amazon: natural potential for Brazil&#8217;s growth&#8221; roundtable"},"content":{"rendered":"\n<p>CIP\u00d3 researcher Gabrielle Alves participated in the Roundtable &#8220;The North and the Pan-Amazon: natural potential for Brazil&#8217;s economic and international growth,&#8221; held as part of the National Meeting of International Relations Students in Bahia 2020-2021. Gabrielle <strong>highlighted the importance of creating sustainable public policies in line with international agreements, and of ratifying the Escaz\u00fa Agreement to protect and build capacity among the peoples of the Pan-Amazon region.<\/strong><\/p>\n\n\n\n<p>Among the speakers, Cassia Moraes, Juarez Baldoino, Willian Monteiro Rocha and S\u00f4nia Janete Gomes were present. <\/p>\n\n\n\n<div class=\"wp-block-buttons is-content-justification-center is-layout-flex wp-block-buttons-is-layout-flex\">\n<div class=\"wp-block-button\"><a class=\"wp-block-button__link\" href=\"https:\/\/youtu.be\/uQaPpHIKhO8\" target=\"_blank\" rel=\"noreferrer noopener\">Watch the video (in Portuguese)<\/a><\/div>\n<\/div>\n\n\n\n<p><\/p>\n","protected":false},"excerpt":{"rendered":"<p>CIP\u00d3 researcher Gabrielle Alves participated in the Roundtable &#8220;The North and the Pan-Amazon: natural potential for Brazil&#8217;s economic and international growth,&#8221; held as part of the National Meeting of International Relations Students in Bahia 2020-2021. Gabrielle highlighted the importance of creating sustainable public policies in line with international agreements, and of ratifying the Escaz\u00fa Agreement [&hellip;]<\/p>\n","protected":false},"author":4,"featured_media":4832,"comment_status":"open","ping_status":"open","sticky":false,"template":"","format":"video","meta":{"footnotes":""},"categories":[6246],"tags":[6553,6258,8411,6467,6260],"class_list":{"0":"post-4810","1":"post","2":"type-post","3":"status-publish","4":"format-video","5":"has-post-thumbnail","7":"category-events","8":"tag-amazon","9":"tag-amazonia-en","10":"tag-escazu-en-2","11":"tag-sustainable-development","12":"tag-sustentabilidade-en","13":"post_format-post-format-video"},"yoast_head":"<!-- This site is optimized with the Yoast SEO plugin v27.5 - https:\/\/yoast.com\/product\/yoast-seo-wordpress\/ -->\n<title>The North and the Pan-Amazon Region: potential for Brazil&#039;s development<\/title>\n<meta name=\"description\" content=\"Gabrielle highlighted the importance of creating sustainable public policies in line with international agreements, and of ratifying the Escaz\u00fa Agreement.\" \/>\n<meta name=\"robots\" content=\"index, follow, max-snippet:-1, max-image-preview:large, max-video-preview:-1\" \/>\n<link rel=\"canonical\" href=\"https:\/\/plataformacipo.org\/en\/events\/cipo-takes-part-on-roundtable-about-the-pan-amazon\/\" \/>\n<meta property=\"og:locale\" content=\"en_US\" \/>\n<meta property=\"og:type\" content=\"article\" \/>\n<meta property=\"og:title\" content=\"The North and the Pan-Amazon: natural potential for Brazil&#039;s economic and international growth\" \/>\n<meta property=\"og:description\" content=\"CIP\u00d3 researcher Gabrielle Alves participated in the Roundtable - The North and the Pan-Amazon: natural potential for the economic and international growth of Brazil at ENERI BA 2020-2021.\" \/>\n<meta property=\"og:url\" content=\"https:\/\/plataformacipo.org\/en\/events\/cipo-takes-part-on-roundtable-about-the-pan-amazon\/\" \/>\n<meta property=\"og:site_name\" content=\"Plataforma CIP\u00d3\" \/>\n<meta property=\"article:publisher\" content=\"https:\/\/www.facebook.com\/PlataformaCipo\/\" \/>\n<meta property=\"article:author\" content=\"https:\/\/www.facebook.com\/PlataformaCipo\/\" \/>\n<meta property=\"article:published_time\" content=\"2021-04-18T17:37:20+00:00\" \/>\n<meta property=\"article:modified_time\" content=\"2021-04-20T16:54:36+00:00\" \/>\n<meta property=\"og:image\" content=\"https:\/\/plataformacipo.org\/wp-content\/uploads\/2021\/04\/nortepanamazonia-1.jpeg\" \/>\n\t<meta property=\"og:image:width\" content=\"1880\" \/>\n\t<meta property=\"og:image:height\" content=\"1255\" \/>\n\t<meta property=\"og:image:type\" content=\"image\/jpeg\" \/>\n<meta name=\"author\" content=\"Plataforma CIP\u00d3\" \/>\n<meta name=\"twitter:card\" content=\"summary_large_image\" \/>\n<meta name=\"twitter:title\" content=\"The North and the Pan-Amazon: natural potential for Brazil&#039;s economic and international growth\" \/>\n<meta name=\"twitter:description\" content=\"CIP\u00d3 researcher Gabrielle Alves participated in the Roundtable - The North and the Pan-Amazon: natural potential for the economic and international growth of Brazil at ENERI BA 2020-2021.\" \/>\n<meta name=\"twitter:creator\" content=\"@https:\/\/twitter.com\/plataformacipo\" \/>\n<meta name=\"twitter:site\" content=\"@plataformacipo\" \/>\n<meta name=\"twitter:label1\" content=\"Written by\" \/>\n\t<meta name=\"twitter:data1\" content=\"Plataforma CIP\u00d3\" \/>\n\t<meta name=\"twitter:label2\" content=\"Est. reading time\" \/>\n\t<meta name=\"twitter:data2\" content=\"1 minute\" \/>\n<script type=\"application\/ld+json\" class=\"yoast-schema-graph\">{\"@context\":\"https:\\\/\\\/schema.org\",\"@graph\":[{\"@type\":\"Article\",\"@id\":\"https:\\\/\\\/plataformacipo.org\\\/en\\\/events\\\/cipo-takes-part-on-roundtable-about-the-pan-amazon\\\/#article\",\"isPartOf\":{\"@id\":\"https:\\\/\\\/plataformacipo.org\\\/en\\\/events\\\/cipo-takes-part-on-roundtable-about-the-pan-amazon\\\/\"},\"author\":{\"name\":\"Plataforma CIP\u00d3\",\"@id\":\"https:\\\/\\\/plataformacipo.org\\\/en\\\/#\\\/schema\\\/person\\\/f4f554780c9229f02bac955b33644b7b\"},\"headline\":\"CIP\u00d3 takes part in &#8220;The North and the Pan-Amazon: natural potential for Brazil&#8217;s growth&#8221; roundtable\",\"datePublished\":\"2021-04-18T17:37:20+00:00\",\"dateModified\":\"2021-04-20T16:54:36+00:00\",\"mainEntityOfPage\":{\"@id\":\"https:\\\/\\\/plataformacipo.org\\\/en\\\/events\\\/cipo-takes-part-on-roundtable-about-the-pan-amazon\\\/\"},\"wordCount\":106,\"commentCount\":0,\"image\":{\"@id\":\"https:\\\/\\\/plataformacipo.org\\\/en\\\/events\\\/cipo-takes-part-on-roundtable-about-the-pan-amazon\\\/#primaryimage\"},\"thumbnailUrl\":\"https:\\\/\\\/plataformacipo.org\\\/wp-content\\\/uploads\\\/2021\\\/04\\\/nortepanamazonia-1.jpeg\",\"keywords\":[\"Amazon\",\"Amaz\u00f4nia\",\"escazu\",\"Sustainable Development\",\"Sustentabilidade\"],\"articleSection\":[\"Events\"],\"inLanguage\":\"en-US\",\"potentialAction\":[{\"@type\":\"CommentAction\",\"name\":\"Comment\",\"target\":[\"https:\\\/\\\/plataformacipo.org\\\/en\\\/events\\\/cipo-takes-part-on-roundtable-about-the-pan-amazon\\\/#respond\"]}]},{\"@type\":\"WebPage\",\"@id\":\"https:\\\/\\\/plataformacipo.org\\\/en\\\/events\\\/cipo-takes-part-on-roundtable-about-the-pan-amazon\\\/\",\"url\":\"https:\\\/\\\/plataformacipo.org\\\/en\\\/events\\\/cipo-takes-part-on-roundtable-about-the-pan-amazon\\\/\",\"name\":\"The North and the Pan-Amazon Region: potential for Brazil's development\",\"isPartOf\":{\"@id\":\"https:\\\/\\\/plataformacipo.org\\\/en\\\/#website\"},\"primaryImageOfPage\":{\"@id\":\"https:\\\/\\\/plataformacipo.org\\\/en\\\/events\\\/cipo-takes-part-on-roundtable-about-the-pan-amazon\\\/#primaryimage\"},\"image\":{\"@id\":\"https:\\\/\\\/plataformacipo.org\\\/en\\\/events\\\/cipo-takes-part-on-roundtable-about-the-pan-amazon\\\/#primaryimage\"},\"thumbnailUrl\":\"https:\\\/\\\/plataformacipo.org\\\/wp-content\\\/uploads\\\/2021\\\/04\\\/nortepanamazonia-1.jpeg\",\"datePublished\":\"2021-04-18T17:37:20+00:00\",\"dateModified\":\"2021-04-20T16:54:36+00:00\",\"author\":{\"@id\":\"https:\\\/\\\/plataformacipo.org\\\/en\\\/#\\\/schema\\\/person\\\/f4f554780c9229f02bac955b33644b7b\"},\"description\":\"Gabrielle highlighted the importance of creating sustainable public policies in line with international agreements, and of ratifying the Escaz\u00fa Agreement.\",\"breadcrumb\":{\"@id\":\"https:\\\/\\\/plataformacipo.org\\\/en\\\/events\\\/cipo-takes-part-on-roundtable-about-the-pan-amazon\\\/#breadcrumb\"},\"inLanguage\":\"en-US\",\"potentialAction\":[{\"@type\":\"ReadAction\",\"target\":[\"https:\\\/\\\/plataformacipo.org\\\/en\\\/events\\\/cipo-takes-part-on-roundtable-about-the-pan-amazon\\\/\"]}]},{\"@type\":\"ImageObject\",\"inLanguage\":\"en-US\",\"@id\":\"https:\\\/\\\/plataformacipo.org\\\/en\\\/events\\\/cipo-takes-part-on-roundtable-about-the-pan-amazon\\\/#primaryimage\",\"url\":\"https:\\\/\\\/plataformacipo.org\\\/wp-content\\\/uploads\\\/2021\\\/04\\\/nortepanamazonia-1.jpeg\",\"contentUrl\":\"https:\\\/\\\/plataformacipo.org\\\/wp-content\\\/uploads\\\/2021\\\/04\\\/nortepanamazonia-1.jpeg\",\"width\":1880,\"height\":1255},{\"@type\":\"BreadcrumbList\",\"@id\":\"https:\\\/\\\/plataformacipo.org\\\/en\\\/events\\\/cipo-takes-part-on-roundtable-about-the-pan-amazon\\\/#breadcrumb\",\"itemListElement\":[{\"@type\":\"ListItem\",\"position\":1,\"name\":\"Home\",\"item\":\"https:\\\/\\\/plataformacipo.org\\\/en\\\/home\\\/\"},{\"@type\":\"ListItem\",\"position\":2,\"name\":\"CIP\u00d3 takes part in &#8220;The North and the Pan-Amazon: natural potential for Brazil&#8217;s growth&#8221; roundtable\"}]},{\"@type\":\"WebSite\",\"@id\":\"https:\\\/\\\/plataformacipo.org\\\/en\\\/#website\",\"url\":\"https:\\\/\\\/plataformacipo.org\\\/en\\\/\",\"name\":\"Plataforma CIP\u00d3\",\"description\":\"Site da Plataforma CIP\u00d3\",\"alternateName\":\"CIP\u00d3\",\"potentialAction\":[{\"@type\":\"SearchAction\",\"target\":{\"@type\":\"EntryPoint\",\"urlTemplate\":\"https:\\\/\\\/plataformacipo.org\\\/en\\\/?s={search_term_string}\"},\"query-input\":{\"@type\":\"PropertyValueSpecification\",\"valueRequired\":true,\"valueName\":\"search_term_string\"}}],\"inLanguage\":\"en-US\"},{\"@type\":\"Person\",\"@id\":\"https:\\\/\\\/plataformacipo.org\\\/en\\\/#\\\/schema\\\/person\\\/f4f554780c9229f02bac955b33644b7b\",\"name\":\"Plataforma CIP\u00d3\",\"image\":{\"@type\":\"ImageObject\",\"inLanguage\":\"en-US\",\"@id\":\"https:\\\/\\\/plataformacipo.org\\\/wp-content\\\/uploads\\\/2020\\\/12\\\/image-152x152_cipo-150x150.png\",\"url\":\"https:\\\/\\\/plataformacipo.org\\\/wp-content\\\/uploads\\\/2020\\\/12\\\/image-152x152_cipo-150x150.png\",\"contentUrl\":\"https:\\\/\\\/plataformacipo.org\\\/wp-content\\\/uploads\\\/2020\\\/12\\\/image-152x152_cipo-150x150.png\",\"caption\":\"Plataforma CIP\u00d3\"},\"description\":\"Plataforma CIP\u00d3 is an independent, women-led policy institute focusing on climate, governance, and peacebuilding in Latin America and the Caribbean and, more generally, the Global South.\",\"sameAs\":[\"http:\\\/\\\/plataformacipo.org\\\/\",\"https:\\\/\\\/www.facebook.com\\\/PlataformaCipo\\\/\",\"https:\\\/\\\/www.instagram.com\\\/plataformacipo\\\/\",\"https:\\\/\\\/www.linkedin.com\\\/company\\\/plataforma-cip\",\"https:\\\/\\\/x.com\\\/https:\\\/\\\/twitter.com\\\/plataformacipo\",\"https:\\\/\\\/www.youtube.com\\\/channel\\\/UCCp2nuymkZHAu2UlHr3tZGA\"],\"url\":\"https:\\\/\\\/plataformacipo.org\\\/en\\\/author\\\/cipo\\\/\"}]}<\/script>\n<!-- \/ Yoast SEO plugin. -->","yoast_head_json":{"title":"The North and the Pan-Amazon Region: potential for Brazil's development","description":"Gabrielle highlighted the importance of creating sustainable public policies in line with international agreements, and of ratifying the Escaz\u00fa Agreement.","robots":{"index":"index","follow":"follow","max-snippet":"max-snippet:-1","max-image-preview":"max-image-preview:large","max-video-preview":"max-video-preview:-1"},"canonical":"https:\/\/plataformacipo.org\/en\/events\/cipo-takes-part-on-roundtable-about-the-pan-amazon\/","og_locale":"en_US","og_type":"article","og_title":"The North and the Pan-Amazon: natural potential for Brazil's economic and international growth","og_description":"CIP\u00d3 researcher Gabrielle Alves participated in the Roundtable - The North and the Pan-Amazon: natural potential for the economic and international growth of Brazil at ENERI BA 2020-2021.","og_url":"https:\/\/plataformacipo.org\/en\/events\/cipo-takes-part-on-roundtable-about-the-pan-amazon\/","og_site_name":"Plataforma CIP\u00d3","article_publisher":"https:\/\/www.facebook.com\/PlataformaCipo\/","article_author":"https:\/\/www.facebook.com\/PlataformaCipo\/","article_published_time":"2021-04-18T17:37:20+00:00","article_modified_time":"2021-04-20T16:54:36+00:00","og_image":[{"width":1880,"height":1255,"url":"https:\/\/plataformacipo.org\/wp-content\/uploads\/2021\/04\/nortepanamazonia-1.jpeg","type":"image\/jpeg"}],"author":"Plataforma CIP\u00d3","twitter_card":"summary_large_image","twitter_title":"The North and the Pan-Amazon: natural potential for Brazil's economic and international growth","twitter_description":"CIP\u00d3 researcher Gabrielle Alves participated in the Roundtable - The North and the Pan-Amazon: natural potential for the economic and international growth of Brazil at ENERI BA 2020-2021.","twitter_creator":"@https:\/\/twitter.com\/plataformacipo","twitter_site":"@plataformacipo","twitter_misc":{"Written by":"Plataforma CIP\u00d3","Est. reading time":"1 minute"},"schema":{"@context":"https:\/\/schema.org","@graph":[{"@type":"Article","@id":"https:\/\/plataformacipo.org\/en\/events\/cipo-takes-part-on-roundtable-about-the-pan-amazon\/#article","isPartOf":{"@id":"https:\/\/plataformacipo.org\/en\/events\/cipo-takes-part-on-roundtable-about-the-pan-amazon\/"},"author":{"name":"Plataforma CIP\u00d3","@id":"https:\/\/plataformacipo.org\/en\/#\/schema\/person\/f4f554780c9229f02bac955b33644b7b"},"headline":"CIP\u00d3 takes part in &#8220;The North and the Pan-Amazon: natural potential for Brazil&#8217;s growth&#8221; roundtable","datePublished":"2021-04-18T17:37:20+00:00","dateModified":"2021-04-20T16:54:36+00:00","mainEntityOfPage":{"@id":"https:\/\/plataformacipo.org\/en\/events\/cipo-takes-part-on-roundtable-about-the-pan-amazon\/"},"wordCount":106,"commentCount":0,"image":{"@id":"https:\/\/plataformacipo.org\/en\/events\/cipo-takes-part-on-roundtable-about-the-pan-amazon\/#primaryimage"},"thumbnailUrl":"https:\/\/plataformacipo.org\/wp-content\/uploads\/2021\/04\/nortepanamazonia-1.jpeg","keywords":["Amazon","Amaz\u00f4nia","escazu","Sustainable Development","Sustentabilidade"],"articleSection":["Events"],"inLanguage":"en-US","potentialAction":[{"@type":"CommentAction","name":"Comment","target":["https:\/\/plataformacipo.org\/en\/events\/cipo-takes-part-on-roundtable-about-the-pan-amazon\/#respond"]}]},{"@type":"WebPage","@id":"https:\/\/plataformacipo.org\/en\/events\/cipo-takes-part-on-roundtable-about-the-pan-amazon\/","url":"https:\/\/plataformacipo.org\/en\/events\/cipo-takes-part-on-roundtable-about-the-pan-amazon\/","name":"The North and the Pan-Amazon Region: potential for Brazil's development","isPartOf":{"@id":"https:\/\/plataformacipo.org\/en\/#website"},"primaryImageOfPage":{"@id":"https:\/\/plataformacipo.org\/en\/events\/cipo-takes-part-on-roundtable-about-the-pan-amazon\/#primaryimage"},"image":{"@id":"https:\/\/plataformacipo.org\/en\/events\/cipo-takes-part-on-roundtable-about-the-pan-amazon\/#primaryimage"},"thumbnailUrl":"https:\/\/plataformacipo.org\/wp-content\/uploads\/2021\/04\/nortepanamazonia-1.jpeg","datePublished":"2021-04-18T17:37:20+00:00","dateModified":"2021-04-20T16:54:36+00:00","author":{"@id":"https:\/\/plataformacipo.org\/en\/#\/schema\/person\/f4f554780c9229f02bac955b33644b7b"},"description":"Gabrielle highlighted the importance of creating sustainable public policies in line with international agreements, and of ratifying the Escaz\u00fa Agreement.","breadcrumb":{"@id":"https:\/\/plataformacipo.org\/en\/events\/cipo-takes-part-on-roundtable-about-the-pan-amazon\/#breadcrumb"},"inLanguage":"en-US","potentialAction":[{"@type":"ReadAction","target":["https:\/\/plataformacipo.org\/en\/events\/cipo-takes-part-on-roundtable-about-the-pan-amazon\/"]}]},{"@type":"ImageObject","inLanguage":"en-US","@id":"https:\/\/plataformacipo.org\/en\/events\/cipo-takes-part-on-roundtable-about-the-pan-amazon\/#primaryimage","url":"https:\/\/plataformacipo.org\/wp-content\/uploads\/2021\/04\/nortepanamazonia-1.jpeg","contentUrl":"https:\/\/plataformacipo.org\/wp-content\/uploads\/2021\/04\/nortepanamazonia-1.jpeg","width":1880,"height":1255},{"@type":"BreadcrumbList","@id":"https:\/\/plataformacipo.org\/en\/events\/cipo-takes-part-on-roundtable-about-the-pan-amazon\/#breadcrumb","itemListElement":[{"@type":"ListItem","position":1,"name":"Home","item":"https:\/\/plataformacipo.org\/en\/home\/"},{"@type":"ListItem","position":2,"name":"CIP\u00d3 takes part in &#8220;The North and the Pan-Amazon: natural potential for Brazil&#8217;s growth&#8221; roundtable"}]},{"@type":"WebSite","@id":"https:\/\/plataformacipo.org\/en\/#website","url":"https:\/\/plataformacipo.org\/en\/","name":"Plataforma CIP\u00d3","description":"Site da Plataforma CIP\u00d3","alternateName":"CIP\u00d3","potentialAction":[{"@type":"SearchAction","target":{"@type":"EntryPoint","urlTemplate":"https:\/\/plataformacipo.org\/en\/?s={search_term_string}"},"query-input":{"@type":"PropertyValueSpecification","valueRequired":true,"valueName":"search_term_string"}}],"inLanguage":"en-US"},{"@type":"Person","@id":"https:\/\/plataformacipo.org\/en\/#\/schema\/person\/f4f554780c9229f02bac955b33644b7b","name":"Plataforma CIP\u00d3","image":{"@type":"ImageObject","inLanguage":"en-US","@id":"https:\/\/plataformacipo.org\/wp-content\/uploads\/2020\/12\/image-152x152_cipo-150x150.png","url":"https:\/\/plataformacipo.org\/wp-content\/uploads\/2020\/12\/image-152x152_cipo-150x150.png","contentUrl":"https:\/\/plataformacipo.org\/wp-content\/uploads\/2020\/12\/image-152x152_cipo-150x150.png","caption":"Plataforma CIP\u00d3"},"description":"Plataforma CIP\u00d3 is an independent, women-led policy institute focusing on climate, governance, and peacebuilding in Latin America and the Caribbean and, more generally, the Global South.","sameAs":["http:\/\/plataformacipo.org\/","https:\/\/www.facebook.com\/PlataformaCipo\/","https:\/\/www.instagram.com\/plataformacipo\/","https:\/\/www.linkedin.com\/company\/plataforma-cip","https:\/\/x.com\/https:\/\/twitter.com\/plataformacipo","https:\/\/www.youtube.com\/channel\/UCCp2nuymkZHAu2UlHr3tZGA"],"url":"https:\/\/plataformacipo.org\/en\/author\/cipo\/"}]}},"_links":{"self":[{"href":"https:\/\/plataformacipo.org\/en\/wp-json\/wp\/v2\/posts\/4810","targetHints":{"allow":["GET"]}}],"collection":[{"href":"https:\/\/plataformacipo.org\/en\/wp-json\/wp\/v2\/posts"}],"about":[{"href":"https:\/\/plataformacipo.org\/en\/wp-json\/wp\/v2\/types\/post"}],"author":[{"embeddable":true,"href":"https:\/\/plataformacipo.org\/en\/wp-json\/wp\/v2\/users\/4"}],"replies":[{"embeddable":true,"href":"https:\/\/plataformacipo.org\/en\/wp-json\/wp\/v2\/comments?post=4810"}],"version-history":[{"count":0,"href":"https:\/\/plataformacipo.org\/en\/wp-json\/wp\/v2\/posts\/4810\/revisions"}],"wp:featuredmedia":[{"embeddable":true,"href":"https:\/\/plataformacipo.org\/en\/wp-json\/wp\/v2\/media\/4832"}],"wp:attachment":[{"href":"https:\/\/plataformacipo.org\/en\/wp-json\/wp\/v2\/media?parent=4810"}],"wp:term":[{"taxonomy":"category","embeddable":true,"href":"https:\/\/plataformacipo.org\/en\/wp-json\/wp\/v2\/categories?post=4810"},{"taxonomy":"post_tag","embeddable":true,"href":"https:\/\/plataformacipo.org\/en\/wp-json\/wp\/v2\/tags?post=4810"}],"curies":[{"name":"wp","href":"https:\/\/api.w.org\/{rel}","templated":true}]}}