{"id":19097,"date":"2026-08-31T08:52:19","date_gmt":"2026-08-31T11:52:19","guid":{"rendered":"https:\/\/plataformacipo.org\/uncategorized\/cipo-joins-call-for-greater-coordination-across-climate-biodiversity-and-land-agendas\/"},"modified":"2026-08-31T08:58:41","modified_gmt":"2026-08-31T11:58:41","slug":"cipo-joins-call-for-greater-coordination-across-climate-biodiversity-and-land-agendas","status":"publish","type":"post","link":"https:\/\/plataformacipo.org\/en\/public-notes\/cipo-joins-call-for-greater-coordination-across-climate-biodiversity-and-land-agendas\/","title":{"rendered":"CIP\u00d3 joins call for greater coordination across climate, biodiversity and land agendas"},"content":{"rendered":"\n<p class=\"has-text-align-left wp-block-paragraph\">Ahead of COP17 of the United Nations Convention to Combat Desertification (UNCCD), civil society organizations, knowledge institutions and other non-state actors have launched a call for greater integration across global responses to climate change, biodiversity loss and land degradation.<\/p>\n\n<p class=\"has-text-align-left wp-block-paragraph\">Plataforma CIP\u00d3 is part of the initiative, coordinated by the Zoological Society of London (ZSL) and the Igarap\u00e9 Institute.<\/p>\n\n<p class=\"has-text-align-left wp-block-paragraph\">The Call to Action: Strengthening Climate, Nature and Land Synergies advocates for stronger coordination among the three Rio Conventions and highlights a central challenge: while the climate, biodiversity and land degradation crises are deeply interconnected, international responses are still often designed and implemented in a fragmented manner.<\/p>\n\n<p class=\"has-text-align-left wp-block-paragraph\">The launch comes at a strategic moment. From 17 to 28 August, Mongolia is hosting UNCCD COP17, which will place issues such as land restoration, drought resilience, water, food systems, soil health and finance at the center of negotiations.<br\/> <\/p>\n\n<p class=\"has-text-align-left wp-block-paragraph\">The call emphasizes that climate, biodiversity and land are inseparable agendas, and that strengthening cooperation among the Rio Conventions is essential to translate international commitments into more coordinated and effective action on the ground.<\/p>\n\n<div class=\"wp-block-buttons is-content-justification-center is-layout-flex wp-container-core-buttons-is-layout-fe48e5de wp-block-buttons-is-layout-flex\">\n<div class=\"wp-block-button\"><a class=\"wp-block-button__link wp-element-button\" href=\"https:\/\/www.zsl.org\/strengthening-climate-nature-and-land-synergies\">Read the public statement<\/a><\/div>\n<\/div>\n","protected":false},"excerpt":{"rendered":"<p>Ahead of COP17 of the United Nations Convention to Combat Desertification (UNCCD), civil society organizations, knowledge institutions and other non-state actors have launched a call for greater integration across global responses to climate change, biodiversity loss and land degradation. Plataforma CIP\u00d3 is part of the initiative, coordinated by the Zoological Society of London (ZSL) and [&hellip;]<\/p>\n","protected":false},"author":4,"featured_media":19093,"comment_status":"closed","ping_status":"open","sticky":false,"template":"","format":"standard","meta":{"footnotes":""},"categories":[6419],"tags":[9168,9169],"class_list":["post-19097","post","type-post","status-publish","format-standard","has-post-thumbnail","category-public-notes","tag-call-to-action","tag-submission"],"yoast_head":"<!-- This site is optimized with the Yoast SEO plugin v28.3 - https:\/\/yoast.com\/product\/yoast-seo-wordpress\/ -->\n<title>CIP\u00d3 joins call for greater coordination across climate, biodiversity and land agendas - Plataforma CIP\u00d3<\/title>\n<meta name=\"robots\" content=\"index, follow, max-snippet:-1, max-image-preview:large, max-video-preview:-1\" \/>\n<link rel=\"canonical\" href=\"https:\/\/plataformacipo.org\/en\/public-notes\/cipo-joins-call-for-greater-coordination-across-climate-biodiversity-and-land-agendas\/\" \/>\n<meta property=\"og:locale\" content=\"en_US\" \/>\n<meta property=\"og:type\" content=\"article\" \/>\n<meta property=\"og:title\" content=\"CIP\u00d3 joins call for greater coordination across climate, biodiversity and land agendas - Plataforma CIP\u00d3\" \/>\n<meta property=\"og:description\" content=\"Ahead of COP17 of the United Nations Convention to Combat Desertification (UNCCD), civil society organizations, knowledge institutions and other non-state actors have launched a call for greater integration across global responses to climate change, biodiversity loss and land degradation. Plataforma CIP\u00d3 is part of the initiative, coordinated by the Zoological Society of London (ZSL) and [&hellip;]\" \/>\n<meta property=\"og:url\" content=\"https:\/\/plataformacipo.org\/en\/public-notes\/cipo-joins-call-for-greater-coordination-across-climate-biodiversity-and-land-agendas\/\" \/>\n<meta property=\"og:site_name\" content=\"Plataforma CIP\u00d3\" \/>\n<meta property=\"article:publisher\" content=\"https:\/\/www.facebook.com\/PlataformaCipo\/\" \/>\n<meta property=\"article:author\" content=\"https:\/\/www.facebook.com\/PlataformaCipo\/\" \/>\n<meta property=\"article:published_time\" content=\"2026-08-31T11:52:19+00:00\" \/>\n<meta property=\"article:modified_time\" content=\"2026-08-31T11:58:41+00:00\" \/>\n<meta property=\"og:image\" content=\"https:\/\/plataformacipo.org\/wp-content\/uploads\/2026\/08\/images-2026-08-31T084911.699.jpeg\" \/>\n\t<meta property=\"og:image:width\" content=\"678\" \/>\n\t<meta property=\"og:image:height\" content=\"452\" \/>\n\t<meta property=\"og:image:type\" content=\"image\/jpeg\" \/>\n<meta name=\"author\" content=\"Plataforma CIP\u00d3\" \/>\n<meta name=\"twitter:card\" content=\"summary_large_image\" \/>\n<meta name=\"twitter:creator\" content=\"@https:\/\/twitter.com\/plataformacipo\" \/>\n<meta name=\"twitter:site\" content=\"@plataformacipo\" \/>\n<meta name=\"twitter:label1\" content=\"Written by\" \/>\n\t<meta name=\"twitter:data1\" content=\"Plataforma CIP\u00d3\" \/>\n\t<meta name=\"twitter:label2\" content=\"Est. reading time\" \/>\n\t<meta name=\"twitter:data2\" content=\"1 minute\" \/>\n<script type=\"application\/ld+json\" class=\"yoast-schema-graph\">{\"@context\":\"https:\\\/\\\/schema.org\",\"@graph\":[{\"@type\":\"Article\",\"@id\":\"https:\\\/\\\/plataformacipo.org\\\/en\\\/public-notes\\\/cipo-joins-call-for-greater-coordination-across-climate-biodiversity-and-land-agendas\\\/#article\",\"isPartOf\":{\"@id\":\"https:\\\/\\\/plataformacipo.org\\\/en\\\/public-notes\\\/cipo-joins-call-for-greater-coordination-across-climate-biodiversity-and-land-agendas\\\/\"},\"author\":{\"name\":\"Plataforma CIP\u00d3\",\"@id\":\"https:\\\/\\\/plataformacipo.org\\\/en\\\/#\\\/schema\\\/person\\\/f4f554780c9229f02bac955b33644b7b\"},\"headline\":\"CIP\u00d3 joins call for greater coordination across climate, biodiversity and land agendas\",\"datePublished\":\"2026-08-31T11:52:19+00:00\",\"dateModified\":\"2026-08-31T11:58:41+00:00\",\"mainEntityOfPage\":{\"@id\":\"https:\\\/\\\/plataformacipo.org\\\/en\\\/public-notes\\\/cipo-joins-call-for-greater-coordination-across-climate-biodiversity-and-land-agendas\\\/\"},\"wordCount\":192,\"image\":{\"@id\":\"https:\\\/\\\/plataformacipo.org\\\/en\\\/public-notes\\\/cipo-joins-call-for-greater-coordination-across-climate-biodiversity-and-land-agendas\\\/#primaryimage\"},\"thumbnailUrl\":\"https:\\\/\\\/plataformacipo.org\\\/wp-content\\\/uploads\\\/2026\\\/08\\\/images-2026-08-31T084911.699.jpeg\",\"keywords\":[\"Call to action\",\"Submission\"],\"articleSection\":[\"Public Notes\"],\"inLanguage\":\"en-US\"},{\"@type\":\"WebPage\",\"@id\":\"https:\\\/\\\/plataformacipo.org\\\/en\\\/public-notes\\\/cipo-joins-call-for-greater-coordination-across-climate-biodiversity-and-land-agendas\\\/\",\"url\":\"https:\\\/\\\/plataformacipo.org\\\/en\\\/public-notes\\\/cipo-joins-call-for-greater-coordination-across-climate-biodiversity-and-land-agendas\\\/\",\"name\":\"CIP\u00d3 joins call for greater coordination across climate, biodiversity and land agendas - Plataforma CIP\u00d3\",\"isPartOf\":{\"@id\":\"https:\\\/\\\/plataformacipo.org\\\/en\\\/#website\"},\"primaryImageOfPage\":{\"@id\":\"https:\\\/\\\/plataformacipo.org\\\/en\\\/public-notes\\\/cipo-joins-call-for-greater-coordination-across-climate-biodiversity-and-land-agendas\\\/#primaryimage\"},\"image\":{\"@id\":\"https:\\\/\\\/plataformacipo.org\\\/en\\\/public-notes\\\/cipo-joins-call-for-greater-coordination-across-climate-biodiversity-and-land-agendas\\\/#primaryimage\"},\"thumbnailUrl\":\"https:\\\/\\\/plataformacipo.org\\\/wp-content\\\/uploads\\\/2026\\\/08\\\/images-2026-08-31T084911.699.jpeg\",\"datePublished\":\"2026-08-31T11:52:19+00:00\",\"dateModified\":\"2026-08-31T11:58:41+00:00\",\"author\":{\"@id\":\"https:\\\/\\\/plataformacipo.org\\\/en\\\/#\\\/schema\\\/person\\\/f4f554780c9229f02bac955b33644b7b\"},\"breadcrumb\":{\"@id\":\"https:\\\/\\\/plataformacipo.org\\\/en\\\/public-notes\\\/cipo-joins-call-for-greater-coordination-across-climate-biodiversity-and-land-agendas\\\/#breadcrumb\"},\"inLanguage\":\"en-US\",\"potentialAction\":[{\"@type\":\"ReadAction\",\"target\":[\"https:\\\/\\\/plataformacipo.org\\\/en\\\/public-notes\\\/cipo-joins-call-for-greater-coordination-across-climate-biodiversity-and-land-agendas\\\/\"]}]},{\"@type\":\"ImageObject\",\"inLanguage\":\"en-US\",\"@id\":\"https:\\\/\\\/plataformacipo.org\\\/en\\\/public-notes\\\/cipo-joins-call-for-greater-coordination-across-climate-biodiversity-and-land-agendas\\\/#primaryimage\",\"url\":\"https:\\\/\\\/plataformacipo.org\\\/wp-content\\\/uploads\\\/2026\\\/08\\\/images-2026-08-31T084911.699.jpeg\",\"contentUrl\":\"https:\\\/\\\/plataformacipo.org\\\/wp-content\\\/uploads\\\/2026\\\/08\\\/images-2026-08-31T084911.699.jpeg\",\"width\":678,\"height\":452},{\"@type\":\"BreadcrumbList\",\"@id\":\"https:\\\/\\\/plataformacipo.org\\\/en\\\/public-notes\\\/cipo-joins-call-for-greater-coordination-across-climate-biodiversity-and-land-agendas\\\/#breadcrumb\",\"itemListElement\":[{\"@type\":\"ListItem\",\"position\":1,\"name\":\"Home\",\"item\":\"https:\\\/\\\/plataformacipo.org\\\/en\\\/\"},{\"@type\":\"ListItem\",\"position\":2,\"name\":\"CIP\u00d3 joins call for greater coordination across climate, biodiversity and land agendas\"}]},{\"@type\":\"WebSite\",\"@id\":\"https:\\\/\\\/plataformacipo.org\\\/en\\\/#website\",\"url\":\"https:\\\/\\\/plataformacipo.org\\\/en\\\/\",\"name\":\"Plataforma CIP\u00d3\",\"description\":\"Site da Plataforma CIP\u00d3\",\"alternateName\":\"CIP\u00d3\",\"potentialAction\":[{\"@type\":\"SearchAction\",\"target\":{\"@type\":\"EntryPoint\",\"urlTemplate\":\"https:\\\/\\\/plataformacipo.org\\\/en\\\/?s={search_term_string}\"},\"query-input\":{\"@type\":\"PropertyValueSpecification\",\"valueRequired\":true,\"valueName\":\"search_term_string\"}}],\"inLanguage\":\"en-US\"},{\"@type\":\"Person\",\"@id\":\"https:\\\/\\\/plataformacipo.org\\\/en\\\/#\\\/schema\\\/person\\\/f4f554780c9229f02bac955b33644b7b\",\"name\":\"Plataforma CIP\u00d3\",\"image\":{\"@type\":\"ImageObject\",\"inLanguage\":\"en-US\",\"@id\":\"https:\\\/\\\/plataformacipo.org\\\/wp-content\\\/uploads\\\/2020\\\/12\\\/image-152x152_cipo-150x150.png\",\"url\":\"https:\\\/\\\/plataformacipo.org\\\/wp-content\\\/uploads\\\/2020\\\/12\\\/image-152x152_cipo-150x150.png\",\"contentUrl\":\"https:\\\/\\\/plataformacipo.org\\\/wp-content\\\/uploads\\\/2020\\\/12\\\/image-152x152_cipo-150x150.png\",\"caption\":\"Plataforma CIP\u00d3\"},\"description\":\"Plataforma CIP\u00d3 is an independent, women-led policy institute focusing on climate, governance, and peacebuilding in Latin America and the Caribbean and, more generally, the Global South.\",\"sameAs\":[\"http:\\\/\\\/plataformacipo.org\\\/\",\"https:\\\/\\\/www.facebook.com\\\/PlataformaCipo\\\/\",\"https:\\\/\\\/www.instagram.com\\\/plataformacipo\\\/\",\"https:\\\/\\\/www.linkedin.com\\\/company\\\/plataforma-cip\",\"https:\\\/\\\/x.com\\\/https:\\\/\\\/twitter.com\\\/plataformacipo\",\"https:\\\/\\\/www.youtube.com\\\/channel\\\/UCCp2nuymkZHAu2UlHr3tZGA\"],\"url\":\"https:\\\/\\\/plataformacipo.org\\\/en\\\/author\\\/cipo\\\/\"}]}<\/script>\n<!-- \/ Yoast SEO plugin. -->","yoast_head_json":{"title":"CIP\u00d3 joins call for greater coordination across climate, biodiversity and land agendas - Plataforma CIP\u00d3","robots":{"index":"index","follow":"follow","max-snippet":"max-snippet:-1","max-image-preview":"max-image-preview:large","max-video-preview":"max-video-preview:-1"},"canonical":"https:\/\/plataformacipo.org\/en\/public-notes\/cipo-joins-call-for-greater-coordination-across-climate-biodiversity-and-land-agendas\/","og_locale":"en_US","og_type":"article","og_title":"CIP\u00d3 joins call for greater coordination across climate, biodiversity and land agendas - Plataforma CIP\u00d3","og_description":"Ahead of COP17 of the United Nations Convention to Combat Desertification (UNCCD), civil society organizations, knowledge institutions and other non-state actors have launched a call for greater integration across global responses to climate change, biodiversity loss and land degradation. Plataforma CIP\u00d3 is part of the initiative, coordinated by the Zoological Society of London (ZSL) and [&hellip;]","og_url":"https:\/\/plataformacipo.org\/en\/public-notes\/cipo-joins-call-for-greater-coordination-across-climate-biodiversity-and-land-agendas\/","og_site_name":"Plataforma CIP\u00d3","article_publisher":"https:\/\/www.facebook.com\/PlataformaCipo\/","article_author":"https:\/\/www.facebook.com\/PlataformaCipo\/","article_published_time":"2026-08-31T11:52:19+00:00","article_modified_time":"2026-08-31T11:58:41+00:00","og_image":[{"width":678,"height":452,"url":"https:\/\/plataformacipo.org\/wp-content\/uploads\/2026\/08\/images-2026-08-31T084911.699.jpeg","type":"image\/jpeg"}],"author":"Plataforma CIP\u00d3","twitter_card":"summary_large_image","twitter_creator":"@https:\/\/twitter.com\/plataformacipo","twitter_site":"@plataformacipo","twitter_misc":{"Written by":"Plataforma CIP\u00d3","Est. reading time":"1 minute"},"schema":{"@context":"https:\/\/schema.org","@graph":[{"@type":"Article","@id":"https:\/\/plataformacipo.org\/en\/public-notes\/cipo-joins-call-for-greater-coordination-across-climate-biodiversity-and-land-agendas\/#article","isPartOf":{"@id":"https:\/\/plataformacipo.org\/en\/public-notes\/cipo-joins-call-for-greater-coordination-across-climate-biodiversity-and-land-agendas\/"},"author":{"name":"Plataforma CIP\u00d3","@id":"https:\/\/plataformacipo.org\/en\/#\/schema\/person\/f4f554780c9229f02bac955b33644b7b"},"headline":"CIP\u00d3 joins call for greater coordination across climate, biodiversity and land agendas","datePublished":"2026-08-31T11:52:19+00:00","dateModified":"2026-08-31T11:58:41+00:00","mainEntityOfPage":{"@id":"https:\/\/plataformacipo.org\/en\/public-notes\/cipo-joins-call-for-greater-coordination-across-climate-biodiversity-and-land-agendas\/"},"wordCount":192,"image":{"@id":"https:\/\/plataformacipo.org\/en\/public-notes\/cipo-joins-call-for-greater-coordination-across-climate-biodiversity-and-land-agendas\/#primaryimage"},"thumbnailUrl":"https:\/\/plataformacipo.org\/wp-content\/uploads\/2026\/08\/images-2026-08-31T084911.699.jpeg","keywords":["Call to action","Submission"],"articleSection":["Public Notes"],"inLanguage":"en-US"},{"@type":"WebPage","@id":"https:\/\/plataformacipo.org\/en\/public-notes\/cipo-joins-call-for-greater-coordination-across-climate-biodiversity-and-land-agendas\/","url":"https:\/\/plataformacipo.org\/en\/public-notes\/cipo-joins-call-for-greater-coordination-across-climate-biodiversity-and-land-agendas\/","name":"CIP\u00d3 joins call for greater coordination across climate, biodiversity and land agendas - Plataforma CIP\u00d3","isPartOf":{"@id":"https:\/\/plataformacipo.org\/en\/#website"},"primaryImageOfPage":{"@id":"https:\/\/plataformacipo.org\/en\/public-notes\/cipo-joins-call-for-greater-coordination-across-climate-biodiversity-and-land-agendas\/#primaryimage"},"image":{"@id":"https:\/\/plataformacipo.org\/en\/public-notes\/cipo-joins-call-for-greater-coordination-across-climate-biodiversity-and-land-agendas\/#primaryimage"},"thumbnailUrl":"https:\/\/plataformacipo.org\/wp-content\/uploads\/2026\/08\/images-2026-08-31T084911.699.jpeg","datePublished":"2026-08-31T11:52:19+00:00","dateModified":"2026-08-31T11:58:41+00:00","author":{"@id":"https:\/\/plataformacipo.org\/en\/#\/schema\/person\/f4f554780c9229f02bac955b33644b7b"},"breadcrumb":{"@id":"https:\/\/plataformacipo.org\/en\/public-notes\/cipo-joins-call-for-greater-coordination-across-climate-biodiversity-and-land-agendas\/#breadcrumb"},"inLanguage":"en-US","potentialAction":[{"@type":"ReadAction","target":["https:\/\/plataformacipo.org\/en\/public-notes\/cipo-joins-call-for-greater-coordination-across-climate-biodiversity-and-land-agendas\/"]}]},{"@type":"ImageObject","inLanguage":"en-US","@id":"https:\/\/plataformacipo.org\/en\/public-notes\/cipo-joins-call-for-greater-coordination-across-climate-biodiversity-and-land-agendas\/#primaryimage","url":"https:\/\/plataformacipo.org\/wp-content\/uploads\/2026\/08\/images-2026-08-31T084911.699.jpeg","contentUrl":"https:\/\/plataformacipo.org\/wp-content\/uploads\/2026\/08\/images-2026-08-31T084911.699.jpeg","width":678,"height":452},{"@type":"BreadcrumbList","@id":"https:\/\/plataformacipo.org\/en\/public-notes\/cipo-joins-call-for-greater-coordination-across-climate-biodiversity-and-land-agendas\/#breadcrumb","itemListElement":[{"@type":"ListItem","position":1,"name":"Home","item":"https:\/\/plataformacipo.org\/en\/"},{"@type":"ListItem","position":2,"name":"CIP\u00d3 joins call for greater coordination across climate, biodiversity and land agendas"}]},{"@type":"WebSite","@id":"https:\/\/plataformacipo.org\/en\/#website","url":"https:\/\/plataformacipo.org\/en\/","name":"Plataforma CIP\u00d3","description":"Site da Plataforma CIP\u00d3","alternateName":"CIP\u00d3","potentialAction":[{"@type":"SearchAction","target":{"@type":"EntryPoint","urlTemplate":"https:\/\/plataformacipo.org\/en\/?s={search_term_string}"},"query-input":{"@type":"PropertyValueSpecification","valueRequired":true,"valueName":"search_term_string"}}],"inLanguage":"en-US"},{"@type":"Person","@id":"https:\/\/plataformacipo.org\/en\/#\/schema\/person\/f4f554780c9229f02bac955b33644b7b","name":"Plataforma CIP\u00d3","image":{"@type":"ImageObject","inLanguage":"en-US","@id":"https:\/\/plataformacipo.org\/wp-content\/uploads\/2020\/12\/image-152x152_cipo-150x150.png","url":"https:\/\/plataformacipo.org\/wp-content\/uploads\/2020\/12\/image-152x152_cipo-150x150.png","contentUrl":"https:\/\/plataformacipo.org\/wp-content\/uploads\/2020\/12\/image-152x152_cipo-150x150.png","caption":"Plataforma CIP\u00d3"},"description":"Plataforma CIP\u00d3 is an independent, women-led policy institute focusing on climate, governance, and peacebuilding in Latin America and the Caribbean and, more generally, the Global South.","sameAs":["http:\/\/plataformacipo.org\/","https:\/\/www.facebook.com\/PlataformaCipo\/","https:\/\/www.instagram.com\/plataformacipo\/","https:\/\/www.linkedin.com\/company\/plataforma-cip","https:\/\/x.com\/https:\/\/twitter.com\/plataformacipo","https:\/\/www.youtube.com\/channel\/UCCp2nuymkZHAu2UlHr3tZGA"],"url":"https:\/\/plataformacipo.org\/en\/author\/cipo\/"}]}},"_links":{"self":[{"href":"https:\/\/plataformacipo.org\/en\/wp-json\/wp\/v2\/posts\/19097","targetHints":{"allow":["GET"]}}],"collection":[{"href":"https:\/\/plataformacipo.org\/en\/wp-json\/wp\/v2\/posts"}],"about":[{"href":"https:\/\/plataformacipo.org\/en\/wp-json\/wp\/v2\/types\/post"}],"author":[{"embeddable":true,"href":"https:\/\/plataformacipo.org\/en\/wp-json\/wp\/v2\/users\/4"}],"replies":[{"embeddable":true,"href":"https:\/\/plataformacipo.org\/en\/wp-json\/wp\/v2\/comments?post=19097"}],"version-history":[{"count":1,"href":"https:\/\/plataformacipo.org\/en\/wp-json\/wp\/v2\/posts\/19097\/revisions"}],"predecessor-version":[{"id":19098,"href":"https:\/\/plataformacipo.org\/en\/wp-json\/wp\/v2\/posts\/19097\/revisions\/19098"}],"wp:featuredmedia":[{"embeddable":true,"href":"https:\/\/plataformacipo.org\/en\/wp-json\/wp\/v2\/media\/19093"}],"wp:attachment":[{"href":"https:\/\/plataformacipo.org\/en\/wp-json\/wp\/v2\/media?parent=19097"}],"wp:term":[{"taxonomy":"category","embeddable":true,"href":"https:\/\/plataformacipo.org\/en\/wp-json\/wp\/v2\/categories?post=19097"},{"taxonomy":"post_tag","embeddable":true,"href":"https:\/\/plataformacipo.org\/en\/wp-json\/wp\/v2\/tags?post=19097"}],"curies":[{"name":"wp","href":"https:\/\/api.w.org\/{rel}","templated":true}]}}