{"id":18684,"date":"2026-04-09T11:23:08","date_gmt":"2026-04-09T14:23:08","guid":{"rendered":"https:\/\/plataformacipo.org\/uncategorized\/leaders-gather-in-brasilia-to-advance-amazon-cooperation-following-cop30\/"},"modified":"2026-04-27T14:11:53","modified_gmt":"2026-04-27T17:11:53","slug":"leaders-gather-in-brasilia-to-advance-amazon-cooperation-following-cop30","status":"publish","type":"post","link":"https:\/\/plataformacipo.org\/en\/events\/leaders-gather-in-brasilia-to-advance-amazon-cooperation-following-cop30\/","title":{"rendered":"Leaders Gather in Bras\u00edlia to Advance Amazon Cooperation Following COP30"},"content":{"rendered":"\n<p><em>Workshop brings together ambassadors and representatives from seven countries, regional authorities, and international organizations at a key moment to turn climate commitments into action.<\/em><\/p>\n\n<p class=\"has-text-align-left\">At a decisive moment for the global climate agenda, Bras\u00edlia is hosting this Thursday (09\/04) the second edition of the workshop \u201cInternational Cooperation for the Amazon: Advancing the Implementation of the Bel\u00e9m Declaration,\u201d organized by Plataforma CIP\u00d3 in partnership with the Association of Amazonian Universities (UNAMAZ). The meeting brings together ambassadors from Amazonian countries, senior government officials, representatives of international organizations, financial institutions, the scientific community, and Indigenous leaders to discuss pathways for implementing commitments made in recent years. <\/p>\n\n<p class=\"has-text-align-left\">Among the participants are Vanessa Grazziotin, Executive Director of the Amazon Cooperation Treaty Organization (ACTO), and Ambassador Liliam Chagas, head of the Brazilian negotiating delegation to the UNFCCC\/COP30. Also attending are scientist Carlos Nobre, co-chair of the Scientific Panel for the Amazon, and representatives from major international financial institutions, including the Inter-American Development Bank (IDB), the World Bank, and the Development Bank of Latin America (CAF). <\/p>\n\n<p class=\"has-text-align-left\">The event also includes representatives of the COP30 Presidency, with civil society special envoys Joaquim Belo and Andr\u00e9 Guimar\u00e3es, as well as Professor Marcela Vecchione of the Federal University of Par\u00e1 (UFPA).<\/p>\n\n<p class=\"has-text-align-left\">Ambassadors and representatives from Bolivia, Colombia, Ecuador, Guyana, Peru, Suriname, and Venezuela are in attendance, alongside officials from Brazilian government bodies, including the Office of the Chief of Staff of the Presidency, the Secretariat of Institutional Relations, the Ministry of Foreign Affairs, the Ministry of the Environment and Climate Change (MMA), the Ministry of Indigenous Peoples (MPI), and the Ministry of Cities.<\/p>\n\n<p class=\"has-text-align-left\">Multilateral institutions and specialists from ACTO\u2019s Amazon Regional Observatory (ORA), as well as other technical and scientific initiatives, are also participating.<br\/>Held in a closed-door format under Chatham House confidentiality rules, the workshop seeks to provide a space for qualified dialogue among the different actors engaged in the regional agenda.<\/p>\n\n<p class=\"has-text-align-left\">The initiative takes place following COP30, held in Bel\u00e9m, and amid ongoing efforts to implement the Bel\u00e9m Declaration (2023)\u2014the outcome of the Amazon Summit and the Amazon Dialogues\u2014and the Bogot\u00e1 Declaration (2025), both of which reinforce cooperation among Amazonian countries.<\/p>\n\n<p class=\"has-text-align-left\">The programme includes a session reviewing COP30 outcomes and Pan-Amazonian cooperation, as well as discussions on science-based public policies, sustainable development, and strengthening the rule of law in the region. By bringing together key stakeholders and international partners, the initiative aims to help transform political commitments into concrete action. <\/p>\n\n<p class=\"has-text-align-left\"><strong>Panel Tracks Implementation of the Bel\u00e9m Declaration<\/strong><br\/><br\/><br\/>As part of its efforts to strengthen regional cooperation, Plataforma CIP\u00d3 has developed the Bel\u00e9m Declaration Implementation Monitoring Panel, a tool that systematically and accessibly tracks progress in implementing the agreement signed in August 2023 by the eight member states of the Amazon Cooperation Treaty Organization (ACTO).<br\/>The initiative is also linked to the <a href=\"https:\/\/plataformacipo.org\/wp-content\/uploads\/2026\/04\/Final.pdf\">analytical report<\/a> developed by Plataforma CIP\u00d3, which consolidates evidence, challenges, and opportunities for implementing regional commitments.<br\/><br\/> <\/p>\n\n<p class=\"has-text-align-left\">The platform brings together organized information on the commitments undertaken by participating countries.<\/p>\n\n<div class=\"wp-block-buttons is-content-justification-center is-layout-flex wp-container-core-buttons-is-layout-16018d1d wp-block-buttons-is-layout-flex\">\n<div class=\"wp-block-button\"><a class=\"wp-block-button__link wp-element-button\" href=\"https:\/\/declaracaodebelemcipo.streamlit.app\/\">Access the platform here<\/a><\/div>\n<\/div>\n\n<div class=\"wp-block-buttons is-content-justification-center is-layout-flex wp-container-core-buttons-is-layout-16018d1d wp-block-buttons-is-layout-flex\">\n<div class=\"wp-block-button\"><a class=\"wp-block-button__link wp-element-button\" href=\"https:\/\/plataformacipo.org\/wp-content\/uploads\/2026\/04\/Final.pdf\">Access the report here<\/a><\/div>\n<\/div>\n","protected":false},"excerpt":{"rendered":"<p>Workshop brings together ambassadors and representatives from seven countries, regional authorities, and international organizations at a key moment to turn climate commitments into action. At a decisive moment for the global climate agenda, Bras\u00edlia is hosting this Thursday (09\/04) the second edition of the workshop \u201cInternational Cooperation for the Amazon: Advancing the Implementation of the [&hellip;]<\/p>\n","protected":false},"author":4,"featured_media":18628,"comment_status":"closed","ping_status":"open","sticky":false,"template":"","format":"standard","meta":{"footnotes":""},"categories":[6246],"tags":[6258,6481],"class_list":{"0":"post-18684","1":"post","2":"type-post","3":"status-publish","4":"format-standard","5":"has-post-thumbnail","7":"category-events","8":"tag-amazonia-en","9":"tag-international-cooperation"},"yoast_head":"<!-- This site is optimized with the Yoast SEO plugin v27.4 - https:\/\/yoast.com\/product\/yoast-seo-wordpress\/ -->\n<title>Leaders Gather in Bras\u00edlia to Advance Amazon Cooperation Following COP30 - Plataforma CIP\u00d3<\/title>\n<meta name=\"robots\" content=\"index, follow, max-snippet:-1, max-image-preview:large, max-video-preview:-1\" \/>\n<link rel=\"canonical\" href=\"https:\/\/plataformacipo.org\/en\/events\/leaders-gather-in-brasilia-to-advance-amazon-cooperation-following-cop30\/\" \/>\n<meta property=\"og:locale\" content=\"en_US\" \/>\n<meta property=\"og:type\" content=\"article\" \/>\n<meta property=\"og:title\" content=\"Leaders Gather in Bras\u00edlia to Advance Amazon Cooperation Following COP30 - Plataforma CIP\u00d3\" \/>\n<meta property=\"og:description\" content=\"Workshop brings together ambassadors and representatives from seven countries, regional authorities, and international organizations at a key moment to turn climate commitments into action. At a decisive moment for the global climate agenda, Bras\u00edlia is hosting this Thursday (09\/04) the second edition of the workshop \u201cInternational Cooperation for the Amazon: Advancing the Implementation of the [&hellip;]\" \/>\n<meta property=\"og:url\" content=\"https:\/\/plataformacipo.org\/en\/events\/leaders-gather-in-brasilia-to-advance-amazon-cooperation-following-cop30\/\" \/>\n<meta property=\"og:site_name\" content=\"Plataforma CIP\u00d3\" \/>\n<meta property=\"article:publisher\" content=\"https:\/\/www.facebook.com\/PlataformaCipo\/\" \/>\n<meta property=\"article:author\" content=\"https:\/\/www.facebook.com\/PlataformaCipo\/\" \/>\n<meta property=\"article:published_time\" content=\"2026-04-09T14:23:08+00:00\" \/>\n<meta property=\"article:modified_time\" content=\"2026-04-27T17:11:53+00:00\" \/>\n<meta property=\"og:image\" content=\"https:\/\/plataformacipo.org\/wp-content\/uploads\/2026\/04\/WhatsApp-Image-2026-04-09-at-11.04.54-4.jpeg\" \/>\n\t<meta property=\"og:image:width\" content=\"1600\" \/>\n\t<meta property=\"og:image:height\" content=\"1066\" \/>\n\t<meta property=\"og:image:type\" content=\"image\/jpeg\" \/>\n<meta name=\"author\" content=\"Plataforma CIP\u00d3\" \/>\n<meta name=\"twitter:card\" content=\"summary_large_image\" \/>\n<meta name=\"twitter:creator\" content=\"@https:\/\/twitter.com\/plataformacipo\" \/>\n<meta name=\"twitter:site\" content=\"@plataformacipo\" \/>\n<meta name=\"twitter:label1\" content=\"Written by\" \/>\n\t<meta name=\"twitter:data1\" content=\"Plataforma CIP\u00d3\" \/>\n\t<meta name=\"twitter:label2\" content=\"Est. reading time\" \/>\n\t<meta name=\"twitter:data2\" content=\"3 minutes\" \/>\n<script type=\"application\/ld+json\" class=\"yoast-schema-graph\">{\"@context\":\"https:\\\/\\\/schema.org\",\"@graph\":[{\"@type\":\"Article\",\"@id\":\"https:\\\/\\\/plataformacipo.org\\\/en\\\/events\\\/leaders-gather-in-brasilia-to-advance-amazon-cooperation-following-cop30\\\/#article\",\"isPartOf\":{\"@id\":\"https:\\\/\\\/plataformacipo.org\\\/en\\\/events\\\/leaders-gather-in-brasilia-to-advance-amazon-cooperation-following-cop30\\\/\"},\"author\":{\"name\":\"Plataforma CIP\u00d3\",\"@id\":\"https:\\\/\\\/plataformacipo.org\\\/en\\\/#\\\/schema\\\/person\\\/f4f554780c9229f02bac955b33644b7b\"},\"headline\":\"Leaders Gather in Bras\u00edlia to Advance Amazon Cooperation Following COP30\",\"datePublished\":\"2026-04-09T14:23:08+00:00\",\"dateModified\":\"2026-04-27T17:11:53+00:00\",\"mainEntityOfPage\":{\"@id\":\"https:\\\/\\\/plataformacipo.org\\\/en\\\/events\\\/leaders-gather-in-brasilia-to-advance-amazon-cooperation-following-cop30\\\/\"},\"wordCount\":518,\"image\":{\"@id\":\"https:\\\/\\\/plataformacipo.org\\\/en\\\/events\\\/leaders-gather-in-brasilia-to-advance-amazon-cooperation-following-cop30\\\/#primaryimage\"},\"thumbnailUrl\":\"https:\\\/\\\/plataformacipo.org\\\/wp-content\\\/uploads\\\/2026\\\/04\\\/WhatsApp-Image-2026-04-09-at-11.04.54-4.jpeg\",\"keywords\":[\"Amaz\u00f4nia\",\"international cooperation\"],\"articleSection\":[\"Events\"],\"inLanguage\":\"en-US\"},{\"@type\":\"WebPage\",\"@id\":\"https:\\\/\\\/plataformacipo.org\\\/en\\\/events\\\/leaders-gather-in-brasilia-to-advance-amazon-cooperation-following-cop30\\\/\",\"url\":\"https:\\\/\\\/plataformacipo.org\\\/en\\\/events\\\/leaders-gather-in-brasilia-to-advance-amazon-cooperation-following-cop30\\\/\",\"name\":\"Leaders Gather in Bras\u00edlia to Advance Amazon Cooperation Following COP30 - Plataforma CIP\u00d3\",\"isPartOf\":{\"@id\":\"https:\\\/\\\/plataformacipo.org\\\/en\\\/#website\"},\"primaryImageOfPage\":{\"@id\":\"https:\\\/\\\/plataformacipo.org\\\/en\\\/events\\\/leaders-gather-in-brasilia-to-advance-amazon-cooperation-following-cop30\\\/#primaryimage\"},\"image\":{\"@id\":\"https:\\\/\\\/plataformacipo.org\\\/en\\\/events\\\/leaders-gather-in-brasilia-to-advance-amazon-cooperation-following-cop30\\\/#primaryimage\"},\"thumbnailUrl\":\"https:\\\/\\\/plataformacipo.org\\\/wp-content\\\/uploads\\\/2026\\\/04\\\/WhatsApp-Image-2026-04-09-at-11.04.54-4.jpeg\",\"datePublished\":\"2026-04-09T14:23:08+00:00\",\"dateModified\":\"2026-04-27T17:11:53+00:00\",\"author\":{\"@id\":\"https:\\\/\\\/plataformacipo.org\\\/en\\\/#\\\/schema\\\/person\\\/f4f554780c9229f02bac955b33644b7b\"},\"breadcrumb\":{\"@id\":\"https:\\\/\\\/plataformacipo.org\\\/en\\\/events\\\/leaders-gather-in-brasilia-to-advance-amazon-cooperation-following-cop30\\\/#breadcrumb\"},\"inLanguage\":\"en-US\",\"potentialAction\":[{\"@type\":\"ReadAction\",\"target\":[\"https:\\\/\\\/plataformacipo.org\\\/en\\\/events\\\/leaders-gather-in-brasilia-to-advance-amazon-cooperation-following-cop30\\\/\"]}]},{\"@type\":\"ImageObject\",\"inLanguage\":\"en-US\",\"@id\":\"https:\\\/\\\/plataformacipo.org\\\/en\\\/events\\\/leaders-gather-in-brasilia-to-advance-amazon-cooperation-following-cop30\\\/#primaryimage\",\"url\":\"https:\\\/\\\/plataformacipo.org\\\/wp-content\\\/uploads\\\/2026\\\/04\\\/WhatsApp-Image-2026-04-09-at-11.04.54-4.jpeg\",\"contentUrl\":\"https:\\\/\\\/plataformacipo.org\\\/wp-content\\\/uploads\\\/2026\\\/04\\\/WhatsApp-Image-2026-04-09-at-11.04.54-4.jpeg\",\"width\":1600,\"height\":1066},{\"@type\":\"BreadcrumbList\",\"@id\":\"https:\\\/\\\/plataformacipo.org\\\/en\\\/events\\\/leaders-gather-in-brasilia-to-advance-amazon-cooperation-following-cop30\\\/#breadcrumb\",\"itemListElement\":[{\"@type\":\"ListItem\",\"position\":1,\"name\":\"Home\",\"item\":\"https:\\\/\\\/plataformacipo.org\\\/en\\\/home\\\/\"},{\"@type\":\"ListItem\",\"position\":2,\"name\":\"Leaders Gather in Bras\u00edlia to Advance Amazon Cooperation Following COP30\"}]},{\"@type\":\"WebSite\",\"@id\":\"https:\\\/\\\/plataformacipo.org\\\/en\\\/#website\",\"url\":\"https:\\\/\\\/plataformacipo.org\\\/en\\\/\",\"name\":\"Plataforma CIP\u00d3\",\"description\":\"Site da Plataforma CIP\u00d3\",\"alternateName\":\"CIP\u00d3\",\"potentialAction\":[{\"@type\":\"SearchAction\",\"target\":{\"@type\":\"EntryPoint\",\"urlTemplate\":\"https:\\\/\\\/plataformacipo.org\\\/en\\\/?s={search_term_string}\"},\"query-input\":{\"@type\":\"PropertyValueSpecification\",\"valueRequired\":true,\"valueName\":\"search_term_string\"}}],\"inLanguage\":\"en-US\"},{\"@type\":\"Person\",\"@id\":\"https:\\\/\\\/plataformacipo.org\\\/en\\\/#\\\/schema\\\/person\\\/f4f554780c9229f02bac955b33644b7b\",\"name\":\"Plataforma CIP\u00d3\",\"image\":{\"@type\":\"ImageObject\",\"inLanguage\":\"en-US\",\"@id\":\"https:\\\/\\\/plataformacipo.org\\\/wp-content\\\/uploads\\\/2020\\\/12\\\/image-152x152_cipo-150x150.png\",\"url\":\"https:\\\/\\\/plataformacipo.org\\\/wp-content\\\/uploads\\\/2020\\\/12\\\/image-152x152_cipo-150x150.png\",\"contentUrl\":\"https:\\\/\\\/plataformacipo.org\\\/wp-content\\\/uploads\\\/2020\\\/12\\\/image-152x152_cipo-150x150.png\",\"caption\":\"Plataforma CIP\u00d3\"},\"description\":\"Plataforma CIP\u00d3 is an independent, women-led policy institute focusing on climate, governance, and peacebuilding in Latin America and the Caribbean and, more generally, the Global South.\",\"sameAs\":[\"http:\\\/\\\/plataformacipo.org\\\/\",\"https:\\\/\\\/www.facebook.com\\\/PlataformaCipo\\\/\",\"https:\\\/\\\/www.instagram.com\\\/plataformacipo\\\/\",\"https:\\\/\\\/www.linkedin.com\\\/company\\\/plataforma-cip\",\"https:\\\/\\\/x.com\\\/https:\\\/\\\/twitter.com\\\/plataformacipo\",\"https:\\\/\\\/www.youtube.com\\\/channel\\\/UCCp2nuymkZHAu2UlHr3tZGA\"],\"url\":\"https:\\\/\\\/plataformacipo.org\\\/en\\\/author\\\/cipo\\\/\"}]}<\/script>\n<!-- \/ Yoast SEO plugin. -->","yoast_head_json":{"title":"Leaders Gather in Bras\u00edlia to Advance Amazon Cooperation Following COP30 - Plataforma CIP\u00d3","robots":{"index":"index","follow":"follow","max-snippet":"max-snippet:-1","max-image-preview":"max-image-preview:large","max-video-preview":"max-video-preview:-1"},"canonical":"https:\/\/plataformacipo.org\/en\/events\/leaders-gather-in-brasilia-to-advance-amazon-cooperation-following-cop30\/","og_locale":"en_US","og_type":"article","og_title":"Leaders Gather in Bras\u00edlia to Advance Amazon Cooperation Following COP30 - Plataforma CIP\u00d3","og_description":"Workshop brings together ambassadors and representatives from seven countries, regional authorities, and international organizations at a key moment to turn climate commitments into action. At a decisive moment for the global climate agenda, Bras\u00edlia is hosting this Thursday (09\/04) the second edition of the workshop \u201cInternational Cooperation for the Amazon: Advancing the Implementation of the [&hellip;]","og_url":"https:\/\/plataformacipo.org\/en\/events\/leaders-gather-in-brasilia-to-advance-amazon-cooperation-following-cop30\/","og_site_name":"Plataforma CIP\u00d3","article_publisher":"https:\/\/www.facebook.com\/PlataformaCipo\/","article_author":"https:\/\/www.facebook.com\/PlataformaCipo\/","article_published_time":"2026-04-09T14:23:08+00:00","article_modified_time":"2026-04-27T17:11:53+00:00","og_image":[{"width":1600,"height":1066,"url":"https:\/\/plataformacipo.org\/wp-content\/uploads\/2026\/04\/WhatsApp-Image-2026-04-09-at-11.04.54-4.jpeg","type":"image\/jpeg"}],"author":"Plataforma CIP\u00d3","twitter_card":"summary_large_image","twitter_creator":"@https:\/\/twitter.com\/plataformacipo","twitter_site":"@plataformacipo","twitter_misc":{"Written by":"Plataforma CIP\u00d3","Est. reading time":"3 minutes"},"schema":{"@context":"https:\/\/schema.org","@graph":[{"@type":"Article","@id":"https:\/\/plataformacipo.org\/en\/events\/leaders-gather-in-brasilia-to-advance-amazon-cooperation-following-cop30\/#article","isPartOf":{"@id":"https:\/\/plataformacipo.org\/en\/events\/leaders-gather-in-brasilia-to-advance-amazon-cooperation-following-cop30\/"},"author":{"name":"Plataforma CIP\u00d3","@id":"https:\/\/plataformacipo.org\/en\/#\/schema\/person\/f4f554780c9229f02bac955b33644b7b"},"headline":"Leaders Gather in Bras\u00edlia to Advance Amazon Cooperation Following COP30","datePublished":"2026-04-09T14:23:08+00:00","dateModified":"2026-04-27T17:11:53+00:00","mainEntityOfPage":{"@id":"https:\/\/plataformacipo.org\/en\/events\/leaders-gather-in-brasilia-to-advance-amazon-cooperation-following-cop30\/"},"wordCount":518,"image":{"@id":"https:\/\/plataformacipo.org\/en\/events\/leaders-gather-in-brasilia-to-advance-amazon-cooperation-following-cop30\/#primaryimage"},"thumbnailUrl":"https:\/\/plataformacipo.org\/wp-content\/uploads\/2026\/04\/WhatsApp-Image-2026-04-09-at-11.04.54-4.jpeg","keywords":["Amaz\u00f4nia","international cooperation"],"articleSection":["Events"],"inLanguage":"en-US"},{"@type":"WebPage","@id":"https:\/\/plataformacipo.org\/en\/events\/leaders-gather-in-brasilia-to-advance-amazon-cooperation-following-cop30\/","url":"https:\/\/plataformacipo.org\/en\/events\/leaders-gather-in-brasilia-to-advance-amazon-cooperation-following-cop30\/","name":"Leaders Gather in Bras\u00edlia to Advance Amazon Cooperation Following COP30 - Plataforma CIP\u00d3","isPartOf":{"@id":"https:\/\/plataformacipo.org\/en\/#website"},"primaryImageOfPage":{"@id":"https:\/\/plataformacipo.org\/en\/events\/leaders-gather-in-brasilia-to-advance-amazon-cooperation-following-cop30\/#primaryimage"},"image":{"@id":"https:\/\/plataformacipo.org\/en\/events\/leaders-gather-in-brasilia-to-advance-amazon-cooperation-following-cop30\/#primaryimage"},"thumbnailUrl":"https:\/\/plataformacipo.org\/wp-content\/uploads\/2026\/04\/WhatsApp-Image-2026-04-09-at-11.04.54-4.jpeg","datePublished":"2026-04-09T14:23:08+00:00","dateModified":"2026-04-27T17:11:53+00:00","author":{"@id":"https:\/\/plataformacipo.org\/en\/#\/schema\/person\/f4f554780c9229f02bac955b33644b7b"},"breadcrumb":{"@id":"https:\/\/plataformacipo.org\/en\/events\/leaders-gather-in-brasilia-to-advance-amazon-cooperation-following-cop30\/#breadcrumb"},"inLanguage":"en-US","potentialAction":[{"@type":"ReadAction","target":["https:\/\/plataformacipo.org\/en\/events\/leaders-gather-in-brasilia-to-advance-amazon-cooperation-following-cop30\/"]}]},{"@type":"ImageObject","inLanguage":"en-US","@id":"https:\/\/plataformacipo.org\/en\/events\/leaders-gather-in-brasilia-to-advance-amazon-cooperation-following-cop30\/#primaryimage","url":"https:\/\/plataformacipo.org\/wp-content\/uploads\/2026\/04\/WhatsApp-Image-2026-04-09-at-11.04.54-4.jpeg","contentUrl":"https:\/\/plataformacipo.org\/wp-content\/uploads\/2026\/04\/WhatsApp-Image-2026-04-09-at-11.04.54-4.jpeg","width":1600,"height":1066},{"@type":"BreadcrumbList","@id":"https:\/\/plataformacipo.org\/en\/events\/leaders-gather-in-brasilia-to-advance-amazon-cooperation-following-cop30\/#breadcrumb","itemListElement":[{"@type":"ListItem","position":1,"name":"Home","item":"https:\/\/plataformacipo.org\/en\/home\/"},{"@type":"ListItem","position":2,"name":"Leaders Gather in Bras\u00edlia to Advance Amazon Cooperation Following COP30"}]},{"@type":"WebSite","@id":"https:\/\/plataformacipo.org\/en\/#website","url":"https:\/\/plataformacipo.org\/en\/","name":"Plataforma CIP\u00d3","description":"Site da Plataforma CIP\u00d3","alternateName":"CIP\u00d3","potentialAction":[{"@type":"SearchAction","target":{"@type":"EntryPoint","urlTemplate":"https:\/\/plataformacipo.org\/en\/?s={search_term_string}"},"query-input":{"@type":"PropertyValueSpecification","valueRequired":true,"valueName":"search_term_string"}}],"inLanguage":"en-US"},{"@type":"Person","@id":"https:\/\/plataformacipo.org\/en\/#\/schema\/person\/f4f554780c9229f02bac955b33644b7b","name":"Plataforma CIP\u00d3","image":{"@type":"ImageObject","inLanguage":"en-US","@id":"https:\/\/plataformacipo.org\/wp-content\/uploads\/2020\/12\/image-152x152_cipo-150x150.png","url":"https:\/\/plataformacipo.org\/wp-content\/uploads\/2020\/12\/image-152x152_cipo-150x150.png","contentUrl":"https:\/\/plataformacipo.org\/wp-content\/uploads\/2020\/12\/image-152x152_cipo-150x150.png","caption":"Plataforma CIP\u00d3"},"description":"Plataforma CIP\u00d3 is an independent, women-led policy institute focusing on climate, governance, and peacebuilding in Latin America and the Caribbean and, more generally, the Global South.","sameAs":["http:\/\/plataformacipo.org\/","https:\/\/www.facebook.com\/PlataformaCipo\/","https:\/\/www.instagram.com\/plataformacipo\/","https:\/\/www.linkedin.com\/company\/plataforma-cip","https:\/\/x.com\/https:\/\/twitter.com\/plataformacipo","https:\/\/www.youtube.com\/channel\/UCCp2nuymkZHAu2UlHr3tZGA"],"url":"https:\/\/plataformacipo.org\/en\/author\/cipo\/"}]}},"_links":{"self":[{"href":"https:\/\/plataformacipo.org\/en\/wp-json\/wp\/v2\/posts\/18684","targetHints":{"allow":["GET"]}}],"collection":[{"href":"https:\/\/plataformacipo.org\/en\/wp-json\/wp\/v2\/posts"}],"about":[{"href":"https:\/\/plataformacipo.org\/en\/wp-json\/wp\/v2\/types\/post"}],"author":[{"embeddable":true,"href":"https:\/\/plataformacipo.org\/en\/wp-json\/wp\/v2\/users\/4"}],"replies":[{"embeddable":true,"href":"https:\/\/plataformacipo.org\/en\/wp-json\/wp\/v2\/comments?post=18684"}],"version-history":[{"count":1,"href":"https:\/\/plataformacipo.org\/en\/wp-json\/wp\/v2\/posts\/18684\/revisions"}],"predecessor-version":[{"id":18685,"href":"https:\/\/plataformacipo.org\/en\/wp-json\/wp\/v2\/posts\/18684\/revisions\/18685"}],"wp:featuredmedia":[{"embeddable":true,"href":"https:\/\/plataformacipo.org\/en\/wp-json\/wp\/v2\/media\/18628"}],"wp:attachment":[{"href":"https:\/\/plataformacipo.org\/en\/wp-json\/wp\/v2\/media?parent=18684"}],"wp:term":[{"taxonomy":"category","embeddable":true,"href":"https:\/\/plataformacipo.org\/en\/wp-json\/wp\/v2\/categories?post=18684"},{"taxonomy":"post_tag","embeddable":true,"href":"https:\/\/plataformacipo.org\/en\/wp-json\/wp\/v2\/tags?post=18684"}],"curies":[{"name":"wp","href":"https:\/\/api.w.org\/{rel}","templated":true}]}}