{"id":14764,"date":"2023-08-25T11:02:18","date_gmt":"2023-08-25T14:02:18","guid":{"rendered":"http:\/\/plataformacipo.org\/uncategorized\/cipo-on-carta-capital-brics-can-and-should-do-more-for-global-climate-agenda\/"},"modified":"2023-09-27T16:10:33","modified_gmt":"2023-09-27T19:10:33","slug":"cipo-on-carta-capital-brics-can-and-should-do-more-for-global-climate-agenda","status":"publish","type":"post","link":"https:\/\/plataformacipo.org\/en\/cipo-in-the-news\/cipo-on-carta-capital-brics-can-and-should-do-more-for-global-climate-agenda\/","title":{"rendered":"CIP\u00d3 on Carta Capital: BRICS can (and should) do more for global climate agenda"},"content":{"rendered":"\n<p>In an article written for the Carta Capital magazine, Plataforma CIP\u00d3\u2019s Maiara Folly, Alessandra Beber Castilho and Mar\u00edlia Closs examine the outcomes of the 15th BRICS Summit, which took place from August 22 to 24 in Johannesburg, South Africa.<\/p>\n\n<p>The final statement to come out of the event welcomes \u201cthe strengthening of cooperation and increasing investment in the supply chains for energy transitions and note the need [for the BRICS countries] to fully participate in the clean energy global value chain.\u201d<\/p>\n\n<p>Still, there is a long path ahead of the BRICS before they are able to achieve climate neutrality, argue the authors.<\/p>\n\n<p>.<\/p>\n\n<div class=\"wp-block-buttons is-content-justification-center is-layout-flex wp-container-core-buttons-is-layout-16018d1d wp-block-buttons-is-layout-flex\">\n<div class=\"wp-block-button\"><a class=\"wp-block-button__link wp-element-button\" href=\"https:\/\/www.cartacapital.com.br\/opiniao\/os-brics-podem-e-devem-fazer-mais-pela-agenda-climatica-global\/\">Read the article (in Portuguese)<\/a><\/div>\n<\/div>\n","protected":false},"excerpt":{"rendered":"<p>In an article written for the Carta Capital magazine, Plataforma CIP\u00d3\u2019s Maiara Folly, Alessandra Beber Castilho and Mar\u00edlia Closs examine the outcomes of the 15th BRICS Summit, which took place from August 22 to 24 in Johannesburg, South Africa. The final statement to come out of the event welcomes \u201cthe strengthening of cooperation and increasing [&hellip;]<\/p>\n","protected":false},"author":4,"featured_media":14668,"comment_status":"open","ping_status":"open","sticky":false,"template":"","format":"standard","meta":{"footnotes":""},"categories":[6268],"tags":[8748,6434,6481],"class_list":{"0":"post-14764","1":"post","2":"type-post","3":"status-publish","4":"format-standard","5":"has-post-thumbnail","7":"category-cipo-in-the-news","8":"tag-brics-en","9":"tag-climate","10":"tag-international-cooperation"},"yoast_head":"<!-- This site is optimized with the Yoast SEO plugin v27.5 - https:\/\/yoast.com\/product\/yoast-seo-wordpress\/ -->\n<title>CIP\u00d3 on Carta Capital: BRICS can (and should) do more for global climate agenda - Plataforma CIP\u00d3<\/title>\n<meta name=\"robots\" content=\"index, follow, max-snippet:-1, max-image-preview:large, max-video-preview:-1\" \/>\n<link rel=\"canonical\" href=\"https:\/\/plataformacipo.org\/en\/cipo-in-the-news\/cipo-on-carta-capital-brics-can-and-should-do-more-for-global-climate-agenda\/\" \/>\n<meta property=\"og:locale\" content=\"en_US\" \/>\n<meta property=\"og:type\" content=\"article\" \/>\n<meta property=\"og:title\" content=\"CIP\u00d3 on Carta Capital: BRICS can (and should) do more for global climate agenda - Plataforma CIP\u00d3\" \/>\n<meta property=\"og:description\" content=\"In an article written for the Carta Capital magazine, Plataforma CIP\u00d3\u2019s Maiara Folly, Alessandra Beber Castilho and Mar\u00edlia Closs examine the outcomes of the 15th BRICS Summit, which took place from August 22 to 24 in Johannesburg, South Africa. The final statement to come out of the event welcomes \u201cthe strengthening of cooperation and increasing [&hellip;]\" \/>\n<meta property=\"og:url\" content=\"https:\/\/plataformacipo.org\/en\/cipo-in-the-news\/cipo-on-carta-capital-brics-can-and-should-do-more-for-global-climate-agenda\/\" \/>\n<meta property=\"og:site_name\" content=\"Plataforma CIP\u00d3\" \/>\n<meta property=\"article:publisher\" content=\"https:\/\/www.facebook.com\/PlataformaCipo\/\" \/>\n<meta property=\"article:author\" content=\"https:\/\/www.facebook.com\/PlataformaCipo\/\" \/>\n<meta property=\"article:published_time\" content=\"2023-08-25T14:02:18+00:00\" \/>\n<meta property=\"article:modified_time\" content=\"2023-09-27T19:10:33+00:00\" \/>\n<meta property=\"og:image\" content=\"https:\/\/plataformacipo.org\/wp-content\/uploads\/2023\/08\/000_33T88MD-420x280-1.jpg\" \/>\n\t<meta property=\"og:image:width\" content=\"420\" \/>\n\t<meta property=\"og:image:height\" content=\"280\" \/>\n\t<meta property=\"og:image:type\" content=\"image\/jpeg\" \/>\n<meta name=\"author\" content=\"Plataforma CIP\u00d3\" \/>\n<meta name=\"twitter:card\" content=\"summary_large_image\" \/>\n<meta name=\"twitter:creator\" content=\"@https:\/\/twitter.com\/plataformacipo\" \/>\n<meta name=\"twitter:site\" content=\"@plataformacipo\" \/>\n<meta name=\"twitter:label1\" content=\"Written by\" \/>\n\t<meta name=\"twitter:data1\" content=\"Plataforma CIP\u00d3\" \/>\n\t<meta name=\"twitter:label2\" content=\"Est. reading time\" \/>\n\t<meta name=\"twitter:data2\" content=\"1 minute\" \/>\n<script type=\"application\/ld+json\" class=\"yoast-schema-graph\">{\"@context\":\"https:\\\/\\\/schema.org\",\"@graph\":[{\"@type\":\"Article\",\"@id\":\"https:\\\/\\\/plataformacipo.org\\\/en\\\/cipo-in-the-news\\\/cipo-on-carta-capital-brics-can-and-should-do-more-for-global-climate-agenda\\\/#article\",\"isPartOf\":{\"@id\":\"https:\\\/\\\/plataformacipo.org\\\/en\\\/cipo-in-the-news\\\/cipo-on-carta-capital-brics-can-and-should-do-more-for-global-climate-agenda\\\/\"},\"author\":{\"name\":\"Plataforma CIP\u00d3\",\"@id\":\"https:\\\/\\\/plataformacipo.org\\\/en\\\/#\\\/schema\\\/person\\\/f4f554780c9229f02bac955b33644b7b\"},\"headline\":\"CIP\u00d3 on Carta Capital: BRICS can (and should) do more for global climate agenda\",\"datePublished\":\"2023-08-25T14:02:18+00:00\",\"dateModified\":\"2023-09-27T19:10:33+00:00\",\"mainEntityOfPage\":{\"@id\":\"https:\\\/\\\/plataformacipo.org\\\/en\\\/cipo-in-the-news\\\/cipo-on-carta-capital-brics-can-and-should-do-more-for-global-climate-agenda\\\/\"},\"wordCount\":121,\"commentCount\":0,\"image\":{\"@id\":\"https:\\\/\\\/plataformacipo.org\\\/en\\\/cipo-in-the-news\\\/cipo-on-carta-capital-brics-can-and-should-do-more-for-global-climate-agenda\\\/#primaryimage\"},\"thumbnailUrl\":\"https:\\\/\\\/plataformacipo.org\\\/wp-content\\\/uploads\\\/2023\\\/08\\\/000_33T88MD-420x280-1.jpg\",\"keywords\":[\"BRICS\",\"Climate\",\"international cooperation\"],\"articleSection\":[\"CIP\u00d3 in the News\"],\"inLanguage\":\"en-US\",\"potentialAction\":[{\"@type\":\"CommentAction\",\"name\":\"Comment\",\"target\":[\"https:\\\/\\\/plataformacipo.org\\\/en\\\/cipo-in-the-news\\\/cipo-on-carta-capital-brics-can-and-should-do-more-for-global-climate-agenda\\\/#respond\"]}]},{\"@type\":\"WebPage\",\"@id\":\"https:\\\/\\\/plataformacipo.org\\\/en\\\/cipo-in-the-news\\\/cipo-on-carta-capital-brics-can-and-should-do-more-for-global-climate-agenda\\\/\",\"url\":\"https:\\\/\\\/plataformacipo.org\\\/en\\\/cipo-in-the-news\\\/cipo-on-carta-capital-brics-can-and-should-do-more-for-global-climate-agenda\\\/\",\"name\":\"CIP\u00d3 on Carta Capital: BRICS can (and should) do more for global climate agenda - Plataforma CIP\u00d3\",\"isPartOf\":{\"@id\":\"https:\\\/\\\/plataformacipo.org\\\/en\\\/#website\"},\"primaryImageOfPage\":{\"@id\":\"https:\\\/\\\/plataformacipo.org\\\/en\\\/cipo-in-the-news\\\/cipo-on-carta-capital-brics-can-and-should-do-more-for-global-climate-agenda\\\/#primaryimage\"},\"image\":{\"@id\":\"https:\\\/\\\/plataformacipo.org\\\/en\\\/cipo-in-the-news\\\/cipo-on-carta-capital-brics-can-and-should-do-more-for-global-climate-agenda\\\/#primaryimage\"},\"thumbnailUrl\":\"https:\\\/\\\/plataformacipo.org\\\/wp-content\\\/uploads\\\/2023\\\/08\\\/000_33T88MD-420x280-1.jpg\",\"datePublished\":\"2023-08-25T14:02:18+00:00\",\"dateModified\":\"2023-09-27T19:10:33+00:00\",\"author\":{\"@id\":\"https:\\\/\\\/plataformacipo.org\\\/en\\\/#\\\/schema\\\/person\\\/f4f554780c9229f02bac955b33644b7b\"},\"breadcrumb\":{\"@id\":\"https:\\\/\\\/plataformacipo.org\\\/en\\\/cipo-in-the-news\\\/cipo-on-carta-capital-brics-can-and-should-do-more-for-global-climate-agenda\\\/#breadcrumb\"},\"inLanguage\":\"en-US\",\"potentialAction\":[{\"@type\":\"ReadAction\",\"target\":[\"https:\\\/\\\/plataformacipo.org\\\/en\\\/cipo-in-the-news\\\/cipo-on-carta-capital-brics-can-and-should-do-more-for-global-climate-agenda\\\/\"]}]},{\"@type\":\"ImageObject\",\"inLanguage\":\"en-US\",\"@id\":\"https:\\\/\\\/plataformacipo.org\\\/en\\\/cipo-in-the-news\\\/cipo-on-carta-capital-brics-can-and-should-do-more-for-global-climate-agenda\\\/#primaryimage\",\"url\":\"https:\\\/\\\/plataformacipo.org\\\/wp-content\\\/uploads\\\/2023\\\/08\\\/000_33T88MD-420x280-1.jpg\",\"contentUrl\":\"https:\\\/\\\/plataformacipo.org\\\/wp-content\\\/uploads\\\/2023\\\/08\\\/000_33T88MD-420x280-1.jpg\",\"width\":420,\"height\":280},{\"@type\":\"BreadcrumbList\",\"@id\":\"https:\\\/\\\/plataformacipo.org\\\/en\\\/cipo-in-the-news\\\/cipo-on-carta-capital-brics-can-and-should-do-more-for-global-climate-agenda\\\/#breadcrumb\",\"itemListElement\":[{\"@type\":\"ListItem\",\"position\":1,\"name\":\"Home\",\"item\":\"https:\\\/\\\/plataformacipo.org\\\/en\\\/home\\\/\"},{\"@type\":\"ListItem\",\"position\":2,\"name\":\"CIP\u00d3 on Carta Capital: BRICS can (and should) do more for global climate agenda\"}]},{\"@type\":\"WebSite\",\"@id\":\"https:\\\/\\\/plataformacipo.org\\\/en\\\/#website\",\"url\":\"https:\\\/\\\/plataformacipo.org\\\/en\\\/\",\"name\":\"Plataforma CIP\u00d3\",\"description\":\"Site da Plataforma CIP\u00d3\",\"alternateName\":\"CIP\u00d3\",\"potentialAction\":[{\"@type\":\"SearchAction\",\"target\":{\"@type\":\"EntryPoint\",\"urlTemplate\":\"https:\\\/\\\/plataformacipo.org\\\/en\\\/?s={search_term_string}\"},\"query-input\":{\"@type\":\"PropertyValueSpecification\",\"valueRequired\":true,\"valueName\":\"search_term_string\"}}],\"inLanguage\":\"en-US\"},{\"@type\":\"Person\",\"@id\":\"https:\\\/\\\/plataformacipo.org\\\/en\\\/#\\\/schema\\\/person\\\/f4f554780c9229f02bac955b33644b7b\",\"name\":\"Plataforma CIP\u00d3\",\"image\":{\"@type\":\"ImageObject\",\"inLanguage\":\"en-US\",\"@id\":\"https:\\\/\\\/plataformacipo.org\\\/wp-content\\\/uploads\\\/2020\\\/12\\\/image-152x152_cipo-150x150.png\",\"url\":\"https:\\\/\\\/plataformacipo.org\\\/wp-content\\\/uploads\\\/2020\\\/12\\\/image-152x152_cipo-150x150.png\",\"contentUrl\":\"https:\\\/\\\/plataformacipo.org\\\/wp-content\\\/uploads\\\/2020\\\/12\\\/image-152x152_cipo-150x150.png\",\"caption\":\"Plataforma CIP\u00d3\"},\"description\":\"Plataforma CIP\u00d3 is an independent, women-led policy institute focusing on climate, governance, and peacebuilding in Latin America and the Caribbean and, more generally, the Global South.\",\"sameAs\":[\"http:\\\/\\\/plataformacipo.org\\\/\",\"https:\\\/\\\/www.facebook.com\\\/PlataformaCipo\\\/\",\"https:\\\/\\\/www.instagram.com\\\/plataformacipo\\\/\",\"https:\\\/\\\/www.linkedin.com\\\/company\\\/plataforma-cip\",\"https:\\\/\\\/x.com\\\/https:\\\/\\\/twitter.com\\\/plataformacipo\",\"https:\\\/\\\/www.youtube.com\\\/channel\\\/UCCp2nuymkZHAu2UlHr3tZGA\"],\"url\":\"https:\\\/\\\/plataformacipo.org\\\/en\\\/author\\\/cipo\\\/\"}]}<\/script>\n<!-- \/ Yoast SEO plugin. -->","yoast_head_json":{"title":"CIP\u00d3 on Carta Capital: BRICS can (and should) do more for global climate agenda - Plataforma CIP\u00d3","robots":{"index":"index","follow":"follow","max-snippet":"max-snippet:-1","max-image-preview":"max-image-preview:large","max-video-preview":"max-video-preview:-1"},"canonical":"https:\/\/plataformacipo.org\/en\/cipo-in-the-news\/cipo-on-carta-capital-brics-can-and-should-do-more-for-global-climate-agenda\/","og_locale":"en_US","og_type":"article","og_title":"CIP\u00d3 on Carta Capital: BRICS can (and should) do more for global climate agenda - Plataforma CIP\u00d3","og_description":"In an article written for the Carta Capital magazine, Plataforma CIP\u00d3\u2019s Maiara Folly, Alessandra Beber Castilho and Mar\u00edlia Closs examine the outcomes of the 15th BRICS Summit, which took place from August 22 to 24 in Johannesburg, South Africa. The final statement to come out of the event welcomes \u201cthe strengthening of cooperation and increasing [&hellip;]","og_url":"https:\/\/plataformacipo.org\/en\/cipo-in-the-news\/cipo-on-carta-capital-brics-can-and-should-do-more-for-global-climate-agenda\/","og_site_name":"Plataforma CIP\u00d3","article_publisher":"https:\/\/www.facebook.com\/PlataformaCipo\/","article_author":"https:\/\/www.facebook.com\/PlataformaCipo\/","article_published_time":"2023-08-25T14:02:18+00:00","article_modified_time":"2023-09-27T19:10:33+00:00","og_image":[{"width":420,"height":280,"url":"https:\/\/plataformacipo.org\/wp-content\/uploads\/2023\/08\/000_33T88MD-420x280-1.jpg","type":"image\/jpeg"}],"author":"Plataforma CIP\u00d3","twitter_card":"summary_large_image","twitter_creator":"@https:\/\/twitter.com\/plataformacipo","twitter_site":"@plataformacipo","twitter_misc":{"Written by":"Plataforma CIP\u00d3","Est. reading time":"1 minute"},"schema":{"@context":"https:\/\/schema.org","@graph":[{"@type":"Article","@id":"https:\/\/plataformacipo.org\/en\/cipo-in-the-news\/cipo-on-carta-capital-brics-can-and-should-do-more-for-global-climate-agenda\/#article","isPartOf":{"@id":"https:\/\/plataformacipo.org\/en\/cipo-in-the-news\/cipo-on-carta-capital-brics-can-and-should-do-more-for-global-climate-agenda\/"},"author":{"name":"Plataforma CIP\u00d3","@id":"https:\/\/plataformacipo.org\/en\/#\/schema\/person\/f4f554780c9229f02bac955b33644b7b"},"headline":"CIP\u00d3 on Carta Capital: BRICS can (and should) do more for global climate agenda","datePublished":"2023-08-25T14:02:18+00:00","dateModified":"2023-09-27T19:10:33+00:00","mainEntityOfPage":{"@id":"https:\/\/plataformacipo.org\/en\/cipo-in-the-news\/cipo-on-carta-capital-brics-can-and-should-do-more-for-global-climate-agenda\/"},"wordCount":121,"commentCount":0,"image":{"@id":"https:\/\/plataformacipo.org\/en\/cipo-in-the-news\/cipo-on-carta-capital-brics-can-and-should-do-more-for-global-climate-agenda\/#primaryimage"},"thumbnailUrl":"https:\/\/plataformacipo.org\/wp-content\/uploads\/2023\/08\/000_33T88MD-420x280-1.jpg","keywords":["BRICS","Climate","international cooperation"],"articleSection":["CIP\u00d3 in the News"],"inLanguage":"en-US","potentialAction":[{"@type":"CommentAction","name":"Comment","target":["https:\/\/plataformacipo.org\/en\/cipo-in-the-news\/cipo-on-carta-capital-brics-can-and-should-do-more-for-global-climate-agenda\/#respond"]}]},{"@type":"WebPage","@id":"https:\/\/plataformacipo.org\/en\/cipo-in-the-news\/cipo-on-carta-capital-brics-can-and-should-do-more-for-global-climate-agenda\/","url":"https:\/\/plataformacipo.org\/en\/cipo-in-the-news\/cipo-on-carta-capital-brics-can-and-should-do-more-for-global-climate-agenda\/","name":"CIP\u00d3 on Carta Capital: BRICS can (and should) do more for global climate agenda - Plataforma CIP\u00d3","isPartOf":{"@id":"https:\/\/plataformacipo.org\/en\/#website"},"primaryImageOfPage":{"@id":"https:\/\/plataformacipo.org\/en\/cipo-in-the-news\/cipo-on-carta-capital-brics-can-and-should-do-more-for-global-climate-agenda\/#primaryimage"},"image":{"@id":"https:\/\/plataformacipo.org\/en\/cipo-in-the-news\/cipo-on-carta-capital-brics-can-and-should-do-more-for-global-climate-agenda\/#primaryimage"},"thumbnailUrl":"https:\/\/plataformacipo.org\/wp-content\/uploads\/2023\/08\/000_33T88MD-420x280-1.jpg","datePublished":"2023-08-25T14:02:18+00:00","dateModified":"2023-09-27T19:10:33+00:00","author":{"@id":"https:\/\/plataformacipo.org\/en\/#\/schema\/person\/f4f554780c9229f02bac955b33644b7b"},"breadcrumb":{"@id":"https:\/\/plataformacipo.org\/en\/cipo-in-the-news\/cipo-on-carta-capital-brics-can-and-should-do-more-for-global-climate-agenda\/#breadcrumb"},"inLanguage":"en-US","potentialAction":[{"@type":"ReadAction","target":["https:\/\/plataformacipo.org\/en\/cipo-in-the-news\/cipo-on-carta-capital-brics-can-and-should-do-more-for-global-climate-agenda\/"]}]},{"@type":"ImageObject","inLanguage":"en-US","@id":"https:\/\/plataformacipo.org\/en\/cipo-in-the-news\/cipo-on-carta-capital-brics-can-and-should-do-more-for-global-climate-agenda\/#primaryimage","url":"https:\/\/plataformacipo.org\/wp-content\/uploads\/2023\/08\/000_33T88MD-420x280-1.jpg","contentUrl":"https:\/\/plataformacipo.org\/wp-content\/uploads\/2023\/08\/000_33T88MD-420x280-1.jpg","width":420,"height":280},{"@type":"BreadcrumbList","@id":"https:\/\/plataformacipo.org\/en\/cipo-in-the-news\/cipo-on-carta-capital-brics-can-and-should-do-more-for-global-climate-agenda\/#breadcrumb","itemListElement":[{"@type":"ListItem","position":1,"name":"Home","item":"https:\/\/plataformacipo.org\/en\/home\/"},{"@type":"ListItem","position":2,"name":"CIP\u00d3 on Carta Capital: BRICS can (and should) do more for global climate agenda"}]},{"@type":"WebSite","@id":"https:\/\/plataformacipo.org\/en\/#website","url":"https:\/\/plataformacipo.org\/en\/","name":"Plataforma CIP\u00d3","description":"Site da Plataforma CIP\u00d3","alternateName":"CIP\u00d3","potentialAction":[{"@type":"SearchAction","target":{"@type":"EntryPoint","urlTemplate":"https:\/\/plataformacipo.org\/en\/?s={search_term_string}"},"query-input":{"@type":"PropertyValueSpecification","valueRequired":true,"valueName":"search_term_string"}}],"inLanguage":"en-US"},{"@type":"Person","@id":"https:\/\/plataformacipo.org\/en\/#\/schema\/person\/f4f554780c9229f02bac955b33644b7b","name":"Plataforma CIP\u00d3","image":{"@type":"ImageObject","inLanguage":"en-US","@id":"https:\/\/plataformacipo.org\/wp-content\/uploads\/2020\/12\/image-152x152_cipo-150x150.png","url":"https:\/\/plataformacipo.org\/wp-content\/uploads\/2020\/12\/image-152x152_cipo-150x150.png","contentUrl":"https:\/\/plataformacipo.org\/wp-content\/uploads\/2020\/12\/image-152x152_cipo-150x150.png","caption":"Plataforma CIP\u00d3"},"description":"Plataforma CIP\u00d3 is an independent, women-led policy institute focusing on climate, governance, and peacebuilding in Latin America and the Caribbean and, more generally, the Global South.","sameAs":["http:\/\/plataformacipo.org\/","https:\/\/www.facebook.com\/PlataformaCipo\/","https:\/\/www.instagram.com\/plataformacipo\/","https:\/\/www.linkedin.com\/company\/plataforma-cip","https:\/\/x.com\/https:\/\/twitter.com\/plataformacipo","https:\/\/www.youtube.com\/channel\/UCCp2nuymkZHAu2UlHr3tZGA"],"url":"https:\/\/plataformacipo.org\/en\/author\/cipo\/"}]}},"_links":{"self":[{"href":"https:\/\/plataformacipo.org\/en\/wp-json\/wp\/v2\/posts\/14764","targetHints":{"allow":["GET"]}}],"collection":[{"href":"https:\/\/plataformacipo.org\/en\/wp-json\/wp\/v2\/posts"}],"about":[{"href":"https:\/\/plataformacipo.org\/en\/wp-json\/wp\/v2\/types\/post"}],"author":[{"embeddable":true,"href":"https:\/\/plataformacipo.org\/en\/wp-json\/wp\/v2\/users\/4"}],"replies":[{"embeddable":true,"href":"https:\/\/plataformacipo.org\/en\/wp-json\/wp\/v2\/comments?post=14764"}],"version-history":[{"count":1,"href":"https:\/\/plataformacipo.org\/en\/wp-json\/wp\/v2\/posts\/14764\/revisions"}],"predecessor-version":[{"id":14765,"href":"https:\/\/plataformacipo.org\/en\/wp-json\/wp\/v2\/posts\/14764\/revisions\/14765"}],"wp:featuredmedia":[{"embeddable":true,"href":"https:\/\/plataformacipo.org\/en\/wp-json\/wp\/v2\/media\/14668"}],"wp:attachment":[{"href":"https:\/\/plataformacipo.org\/en\/wp-json\/wp\/v2\/media?parent=14764"}],"wp:term":[{"taxonomy":"category","embeddable":true,"href":"https:\/\/plataformacipo.org\/en\/wp-json\/wp\/v2\/categories?post=14764"},{"taxonomy":"post_tag","embeddable":true,"href":"https:\/\/plataformacipo.org\/en\/wp-json\/wp\/v2\/tags?post=14764"}],"curies":[{"name":"wp","href":"https:\/\/api.w.org\/{rel}","templated":true}]}}