{"id":14706,"date":"2023-09-19T17:02:31","date_gmt":"2023-09-19T20:02:31","guid":{"rendered":"http:\/\/plataformacipo.org\/uncategorized\/cafezinho-podcast-cipo-discusses-the-brics-and-the-environmental-agenda\/"},"modified":"2023-09-22T15:23:06","modified_gmt":"2023-09-22T18:23:06","slug":"cafezinho-podcast-cipo-discusses-the-brics-and-the-environmental-agenda","status":"publish","type":"post","link":"https:\/\/plataformacipo.org\/en\/videos-and-podcasts\/cafezinho-podcast-cipo-discusses-the-brics-and-the-environmental-agenda\/","title":{"rendered":"Cafezinho Podcast: CIP\u00d3 Discusses the BRICS and the Environmental Agenda"},"content":{"rendered":"\n<p>Alessandra Castilho, an associate researcher at Plataforma CIP\u00d3, is this week&#8217;s guest on the &#8220;Cafezinho&#8221; podcast, produced by Sh\u016bmi\u00e0n \u4e66\u9762. She spoke with media manager Aline Tedeschi about environmental cooperation within the new BRICS, originally formed by Brazil, Russia, India, China, and later, South Africa.<\/p>\n\n<p>Starting in 2024, six more countries will join the group: Argentina, Saudi Arabia, Egypt, the United Arab Emirates, Ethiopia, and Iran. According to her, this expansion brings some challenges. &#8220;This year&#8217;s Summit&#8217;s final declaration emphasizes investment in energy transition, but we&#8217;ll have to see if this materializes into effective actions within the bloc itself.&#8221;<\/p>\n\n<p>Castilho recalls that since the creation of BRICS in 2009, the issue of sustainable development has consistently been mentioned in speeches, joint declarations, and even during the establishment of the New Development Bank (NDB) in 2014.<\/p>\n\n<p>&#8220;So, it&#8217;s a very important topic. Nevertheless, there is heterogeneity; different views, for example, in ambition levels and emission reduction targets within the scope of Paris Agreement. Each country has its own goals and priorities,&#8221; she highlights.<\/p>\n\n<div class=\"wp-block-buttons is-content-justification-center is-layout-flex wp-container-core-buttons-is-layout-16018d1d wp-block-buttons-is-layout-flex\">\n<div class=\"wp-block-button\"><a class=\"wp-block-button__link wp-element-button\" href=\"https:\/\/spotify.link\/O5RXzC3aeDb\">Listen here (in Portuguese)<\/a><\/div>\n<\/div>\n","protected":false},"excerpt":{"rendered":"<p>Alessandra Castilho, an associate researcher at Plataforma CIP\u00d3, is this week&#8217;s guest on the &#8220;Cafezinho&#8221; podcast, produced by Sh\u016bmi\u00e0n \u4e66\u9762. She spoke with media manager Aline Tedeschi about environmental cooperation within the new BRICS, originally formed by Brazil, Russia, India, China, and later, South Africa. Starting in 2024, six more countries will join the group: [&hellip;]<\/p>\n","protected":false},"author":4,"featured_media":14703,"comment_status":"open","ping_status":"open","sticky":false,"template":"","format":"standard","meta":{"footnotes":""},"categories":[6250],"tags":[8748,8516,6269,8904],"class_list":{"0":"post-14706","1":"post","2":"type-post","3":"status-publish","4":"format-standard","5":"has-post-thumbnail","7":"category-videos-and-podcasts","8":"tag-brics-en","9":"tag-chinese","10":"tag-china-en","11":"tag-nbd-en"},"yoast_head":"<!-- This site is optimized with the Yoast SEO plugin v27.5 - https:\/\/yoast.com\/product\/yoast-seo-wordpress\/ -->\n<title>Cafezinho Podcast: CIP\u00d3 Discusses the BRICS and the Environmental Agenda - Plataforma CIP\u00d3<\/title>\n<meta name=\"robots\" content=\"index, follow, max-snippet:-1, max-image-preview:large, max-video-preview:-1\" \/>\n<link rel=\"canonical\" href=\"https:\/\/plataformacipo.org\/en\/videos-and-podcasts\/cafezinho-podcast-cipo-discusses-the-brics-and-the-environmental-agenda\/\" \/>\n<meta property=\"og:locale\" content=\"en_US\" \/>\n<meta property=\"og:type\" content=\"article\" \/>\n<meta property=\"og:title\" content=\"Cafezinho Podcast: CIP\u00d3 Discusses the BRICS and the Environmental Agenda - Plataforma CIP\u00d3\" \/>\n<meta property=\"og:description\" content=\"Alessandra Castilho, an associate researcher at Plataforma CIP\u00d3, is this week&#8217;s guest on the &#8220;Cafezinho&#8221; podcast, produced by Sh\u016bmi\u00e0n \u4e66\u9762. She spoke with media manager Aline Tedeschi about environmental cooperation within the new BRICS, originally formed by Brazil, Russia, India, China, and later, South Africa. Starting in 2024, six more countries will join the group: [&hellip;]\" \/>\n<meta property=\"og:url\" content=\"https:\/\/plataformacipo.org\/en\/videos-and-podcasts\/cafezinho-podcast-cipo-discusses-the-brics-and-the-environmental-agenda\/\" \/>\n<meta property=\"og:site_name\" content=\"Plataforma CIP\u00d3\" \/>\n<meta property=\"article:publisher\" content=\"https:\/\/www.facebook.com\/PlataformaCipo\/\" \/>\n<meta property=\"article:author\" content=\"https:\/\/www.facebook.com\/PlataformaCipo\/\" \/>\n<meta property=\"article:published_time\" content=\"2023-09-19T20:02:31+00:00\" \/>\n<meta property=\"article:modified_time\" content=\"2023-09-22T18:23:06+00:00\" \/>\n<meta property=\"og:image\" content=\"https:\/\/plataformacipo.org\/wp-content\/uploads\/2023\/09\/images-11.jpeg\" \/>\n\t<meta property=\"og:image:width\" content=\"400\" \/>\n\t<meta property=\"og:image:height\" content=\"400\" \/>\n\t<meta property=\"og:image:type\" content=\"image\/jpeg\" \/>\n<meta name=\"author\" content=\"Plataforma CIP\u00d3\" \/>\n<meta name=\"twitter:card\" content=\"summary_large_image\" \/>\n<meta name=\"twitter:creator\" content=\"@https:\/\/twitter.com\/plataformacipo\" \/>\n<meta name=\"twitter:site\" content=\"@plataformacipo\" \/>\n<meta name=\"twitter:label1\" content=\"Written by\" \/>\n\t<meta name=\"twitter:data1\" content=\"Plataforma CIP\u00d3\" \/>\n\t<meta name=\"twitter:label2\" content=\"Est. reading time\" \/>\n\t<meta name=\"twitter:data2\" content=\"1 minute\" \/>\n<script type=\"application\/ld+json\" class=\"yoast-schema-graph\">{\"@context\":\"https:\\\/\\\/schema.org\",\"@graph\":[{\"@type\":\"Article\",\"@id\":\"https:\\\/\\\/plataformacipo.org\\\/en\\\/videos-and-podcasts\\\/cafezinho-podcast-cipo-discusses-the-brics-and-the-environmental-agenda\\\/#article\",\"isPartOf\":{\"@id\":\"https:\\\/\\\/plataformacipo.org\\\/en\\\/videos-and-podcasts\\\/cafezinho-podcast-cipo-discusses-the-brics-and-the-environmental-agenda\\\/\"},\"author\":{\"name\":\"Plataforma CIP\u00d3\",\"@id\":\"https:\\\/\\\/plataformacipo.org\\\/en\\\/#\\\/schema\\\/person\\\/f4f554780c9229f02bac955b33644b7b\"},\"headline\":\"Cafezinho Podcast: CIP\u00d3 Discusses the BRICS and the Environmental Agenda\",\"datePublished\":\"2023-09-19T20:02:31+00:00\",\"dateModified\":\"2023-09-22T18:23:06+00:00\",\"mainEntityOfPage\":{\"@id\":\"https:\\\/\\\/plataformacipo.org\\\/en\\\/videos-and-podcasts\\\/cafezinho-podcast-cipo-discusses-the-brics-and-the-environmental-agenda\\\/\"},\"wordCount\":189,\"commentCount\":0,\"image\":{\"@id\":\"https:\\\/\\\/plataformacipo.org\\\/en\\\/videos-and-podcasts\\\/cafezinho-podcast-cipo-discusses-the-brics-and-the-environmental-agenda\\\/#primaryimage\"},\"thumbnailUrl\":\"https:\\\/\\\/plataformacipo.org\\\/wp-content\\\/uploads\\\/2023\\\/09\\\/images-11.jpeg\",\"keywords\":[\"BRICS\",\"Chinese\",\"China\",\"NBD\"],\"articleSection\":[\"Videos and Podcasts\"],\"inLanguage\":\"en-US\",\"potentialAction\":[{\"@type\":\"CommentAction\",\"name\":\"Comment\",\"target\":[\"https:\\\/\\\/plataformacipo.org\\\/en\\\/videos-and-podcasts\\\/cafezinho-podcast-cipo-discusses-the-brics-and-the-environmental-agenda\\\/#respond\"]}]},{\"@type\":\"WebPage\",\"@id\":\"https:\\\/\\\/plataformacipo.org\\\/en\\\/videos-and-podcasts\\\/cafezinho-podcast-cipo-discusses-the-brics-and-the-environmental-agenda\\\/\",\"url\":\"https:\\\/\\\/plataformacipo.org\\\/en\\\/videos-and-podcasts\\\/cafezinho-podcast-cipo-discusses-the-brics-and-the-environmental-agenda\\\/\",\"name\":\"Cafezinho Podcast: CIP\u00d3 Discusses the BRICS and the Environmental Agenda - Plataforma CIP\u00d3\",\"isPartOf\":{\"@id\":\"https:\\\/\\\/plataformacipo.org\\\/en\\\/#website\"},\"primaryImageOfPage\":{\"@id\":\"https:\\\/\\\/plataformacipo.org\\\/en\\\/videos-and-podcasts\\\/cafezinho-podcast-cipo-discusses-the-brics-and-the-environmental-agenda\\\/#primaryimage\"},\"image\":{\"@id\":\"https:\\\/\\\/plataformacipo.org\\\/en\\\/videos-and-podcasts\\\/cafezinho-podcast-cipo-discusses-the-brics-and-the-environmental-agenda\\\/#primaryimage\"},\"thumbnailUrl\":\"https:\\\/\\\/plataformacipo.org\\\/wp-content\\\/uploads\\\/2023\\\/09\\\/images-11.jpeg\",\"datePublished\":\"2023-09-19T20:02:31+00:00\",\"dateModified\":\"2023-09-22T18:23:06+00:00\",\"author\":{\"@id\":\"https:\\\/\\\/plataformacipo.org\\\/en\\\/#\\\/schema\\\/person\\\/f4f554780c9229f02bac955b33644b7b\"},\"breadcrumb\":{\"@id\":\"https:\\\/\\\/plataformacipo.org\\\/en\\\/videos-and-podcasts\\\/cafezinho-podcast-cipo-discusses-the-brics-and-the-environmental-agenda\\\/#breadcrumb\"},\"inLanguage\":\"en-US\",\"potentialAction\":[{\"@type\":\"ReadAction\",\"target\":[\"https:\\\/\\\/plataformacipo.org\\\/en\\\/videos-and-podcasts\\\/cafezinho-podcast-cipo-discusses-the-brics-and-the-environmental-agenda\\\/\"]}]},{\"@type\":\"ImageObject\",\"inLanguage\":\"en-US\",\"@id\":\"https:\\\/\\\/plataformacipo.org\\\/en\\\/videos-and-podcasts\\\/cafezinho-podcast-cipo-discusses-the-brics-and-the-environmental-agenda\\\/#primaryimage\",\"url\":\"https:\\\/\\\/plataformacipo.org\\\/wp-content\\\/uploads\\\/2023\\\/09\\\/images-11.jpeg\",\"contentUrl\":\"https:\\\/\\\/plataformacipo.org\\\/wp-content\\\/uploads\\\/2023\\\/09\\\/images-11.jpeg\",\"width\":400,\"height\":400},{\"@type\":\"BreadcrumbList\",\"@id\":\"https:\\\/\\\/plataformacipo.org\\\/en\\\/videos-and-podcasts\\\/cafezinho-podcast-cipo-discusses-the-brics-and-the-environmental-agenda\\\/#breadcrumb\",\"itemListElement\":[{\"@type\":\"ListItem\",\"position\":1,\"name\":\"Home\",\"item\":\"https:\\\/\\\/plataformacipo.org\\\/en\\\/home\\\/\"},{\"@type\":\"ListItem\",\"position\":2,\"name\":\"Cafezinho Podcast: CIP\u00d3 Discusses the BRICS and the Environmental Agenda\"}]},{\"@type\":\"WebSite\",\"@id\":\"https:\\\/\\\/plataformacipo.org\\\/en\\\/#website\",\"url\":\"https:\\\/\\\/plataformacipo.org\\\/en\\\/\",\"name\":\"Plataforma CIP\u00d3\",\"description\":\"Site da Plataforma CIP\u00d3\",\"alternateName\":\"CIP\u00d3\",\"potentialAction\":[{\"@type\":\"SearchAction\",\"target\":{\"@type\":\"EntryPoint\",\"urlTemplate\":\"https:\\\/\\\/plataformacipo.org\\\/en\\\/?s={search_term_string}\"},\"query-input\":{\"@type\":\"PropertyValueSpecification\",\"valueRequired\":true,\"valueName\":\"search_term_string\"}}],\"inLanguage\":\"en-US\"},{\"@type\":\"Person\",\"@id\":\"https:\\\/\\\/plataformacipo.org\\\/en\\\/#\\\/schema\\\/person\\\/f4f554780c9229f02bac955b33644b7b\",\"name\":\"Plataforma CIP\u00d3\",\"image\":{\"@type\":\"ImageObject\",\"inLanguage\":\"en-US\",\"@id\":\"https:\\\/\\\/plataformacipo.org\\\/wp-content\\\/uploads\\\/2020\\\/12\\\/image-152x152_cipo-150x150.png\",\"url\":\"https:\\\/\\\/plataformacipo.org\\\/wp-content\\\/uploads\\\/2020\\\/12\\\/image-152x152_cipo-150x150.png\",\"contentUrl\":\"https:\\\/\\\/plataformacipo.org\\\/wp-content\\\/uploads\\\/2020\\\/12\\\/image-152x152_cipo-150x150.png\",\"caption\":\"Plataforma CIP\u00d3\"},\"description\":\"Plataforma CIP\u00d3 is an independent, women-led policy institute focusing on climate, governance, and peacebuilding in Latin America and the Caribbean and, more generally, the Global South.\",\"sameAs\":[\"http:\\\/\\\/plataformacipo.org\\\/\",\"https:\\\/\\\/www.facebook.com\\\/PlataformaCipo\\\/\",\"https:\\\/\\\/www.instagram.com\\\/plataformacipo\\\/\",\"https:\\\/\\\/www.linkedin.com\\\/company\\\/plataforma-cip\",\"https:\\\/\\\/x.com\\\/https:\\\/\\\/twitter.com\\\/plataformacipo\",\"https:\\\/\\\/www.youtube.com\\\/channel\\\/UCCp2nuymkZHAu2UlHr3tZGA\"],\"url\":\"https:\\\/\\\/plataformacipo.org\\\/en\\\/author\\\/cipo\\\/\"}]}<\/script>\n<!-- \/ Yoast SEO plugin. -->","yoast_head_json":{"title":"Cafezinho Podcast: CIP\u00d3 Discusses the BRICS and the Environmental Agenda - Plataforma CIP\u00d3","robots":{"index":"index","follow":"follow","max-snippet":"max-snippet:-1","max-image-preview":"max-image-preview:large","max-video-preview":"max-video-preview:-1"},"canonical":"https:\/\/plataformacipo.org\/en\/videos-and-podcasts\/cafezinho-podcast-cipo-discusses-the-brics-and-the-environmental-agenda\/","og_locale":"en_US","og_type":"article","og_title":"Cafezinho Podcast: CIP\u00d3 Discusses the BRICS and the Environmental Agenda - Plataforma CIP\u00d3","og_description":"Alessandra Castilho, an associate researcher at Plataforma CIP\u00d3, is this week&#8217;s guest on the &#8220;Cafezinho&#8221; podcast, produced by Sh\u016bmi\u00e0n \u4e66\u9762. She spoke with media manager Aline Tedeschi about environmental cooperation within the new BRICS, originally formed by Brazil, Russia, India, China, and later, South Africa. Starting in 2024, six more countries will join the group: [&hellip;]","og_url":"https:\/\/plataformacipo.org\/en\/videos-and-podcasts\/cafezinho-podcast-cipo-discusses-the-brics-and-the-environmental-agenda\/","og_site_name":"Plataforma CIP\u00d3","article_publisher":"https:\/\/www.facebook.com\/PlataformaCipo\/","article_author":"https:\/\/www.facebook.com\/PlataformaCipo\/","article_published_time":"2023-09-19T20:02:31+00:00","article_modified_time":"2023-09-22T18:23:06+00:00","og_image":[{"width":400,"height":400,"url":"https:\/\/plataformacipo.org\/wp-content\/uploads\/2023\/09\/images-11.jpeg","type":"image\/jpeg"}],"author":"Plataforma CIP\u00d3","twitter_card":"summary_large_image","twitter_creator":"@https:\/\/twitter.com\/plataformacipo","twitter_site":"@plataformacipo","twitter_misc":{"Written by":"Plataforma CIP\u00d3","Est. reading time":"1 minute"},"schema":{"@context":"https:\/\/schema.org","@graph":[{"@type":"Article","@id":"https:\/\/plataformacipo.org\/en\/videos-and-podcasts\/cafezinho-podcast-cipo-discusses-the-brics-and-the-environmental-agenda\/#article","isPartOf":{"@id":"https:\/\/plataformacipo.org\/en\/videos-and-podcasts\/cafezinho-podcast-cipo-discusses-the-brics-and-the-environmental-agenda\/"},"author":{"name":"Plataforma CIP\u00d3","@id":"https:\/\/plataformacipo.org\/en\/#\/schema\/person\/f4f554780c9229f02bac955b33644b7b"},"headline":"Cafezinho Podcast: CIP\u00d3 Discusses the BRICS and the Environmental Agenda","datePublished":"2023-09-19T20:02:31+00:00","dateModified":"2023-09-22T18:23:06+00:00","mainEntityOfPage":{"@id":"https:\/\/plataformacipo.org\/en\/videos-and-podcasts\/cafezinho-podcast-cipo-discusses-the-brics-and-the-environmental-agenda\/"},"wordCount":189,"commentCount":0,"image":{"@id":"https:\/\/plataformacipo.org\/en\/videos-and-podcasts\/cafezinho-podcast-cipo-discusses-the-brics-and-the-environmental-agenda\/#primaryimage"},"thumbnailUrl":"https:\/\/plataformacipo.org\/wp-content\/uploads\/2023\/09\/images-11.jpeg","keywords":["BRICS","Chinese","China","NBD"],"articleSection":["Videos and Podcasts"],"inLanguage":"en-US","potentialAction":[{"@type":"CommentAction","name":"Comment","target":["https:\/\/plataformacipo.org\/en\/videos-and-podcasts\/cafezinho-podcast-cipo-discusses-the-brics-and-the-environmental-agenda\/#respond"]}]},{"@type":"WebPage","@id":"https:\/\/plataformacipo.org\/en\/videos-and-podcasts\/cafezinho-podcast-cipo-discusses-the-brics-and-the-environmental-agenda\/","url":"https:\/\/plataformacipo.org\/en\/videos-and-podcasts\/cafezinho-podcast-cipo-discusses-the-brics-and-the-environmental-agenda\/","name":"Cafezinho Podcast: CIP\u00d3 Discusses the BRICS and the Environmental Agenda - Plataforma CIP\u00d3","isPartOf":{"@id":"https:\/\/plataformacipo.org\/en\/#website"},"primaryImageOfPage":{"@id":"https:\/\/plataformacipo.org\/en\/videos-and-podcasts\/cafezinho-podcast-cipo-discusses-the-brics-and-the-environmental-agenda\/#primaryimage"},"image":{"@id":"https:\/\/plataformacipo.org\/en\/videos-and-podcasts\/cafezinho-podcast-cipo-discusses-the-brics-and-the-environmental-agenda\/#primaryimage"},"thumbnailUrl":"https:\/\/plataformacipo.org\/wp-content\/uploads\/2023\/09\/images-11.jpeg","datePublished":"2023-09-19T20:02:31+00:00","dateModified":"2023-09-22T18:23:06+00:00","author":{"@id":"https:\/\/plataformacipo.org\/en\/#\/schema\/person\/f4f554780c9229f02bac955b33644b7b"},"breadcrumb":{"@id":"https:\/\/plataformacipo.org\/en\/videos-and-podcasts\/cafezinho-podcast-cipo-discusses-the-brics-and-the-environmental-agenda\/#breadcrumb"},"inLanguage":"en-US","potentialAction":[{"@type":"ReadAction","target":["https:\/\/plataformacipo.org\/en\/videos-and-podcasts\/cafezinho-podcast-cipo-discusses-the-brics-and-the-environmental-agenda\/"]}]},{"@type":"ImageObject","inLanguage":"en-US","@id":"https:\/\/plataformacipo.org\/en\/videos-and-podcasts\/cafezinho-podcast-cipo-discusses-the-brics-and-the-environmental-agenda\/#primaryimage","url":"https:\/\/plataformacipo.org\/wp-content\/uploads\/2023\/09\/images-11.jpeg","contentUrl":"https:\/\/plataformacipo.org\/wp-content\/uploads\/2023\/09\/images-11.jpeg","width":400,"height":400},{"@type":"BreadcrumbList","@id":"https:\/\/plataformacipo.org\/en\/videos-and-podcasts\/cafezinho-podcast-cipo-discusses-the-brics-and-the-environmental-agenda\/#breadcrumb","itemListElement":[{"@type":"ListItem","position":1,"name":"Home","item":"https:\/\/plataformacipo.org\/en\/home\/"},{"@type":"ListItem","position":2,"name":"Cafezinho Podcast: CIP\u00d3 Discusses the BRICS and the Environmental Agenda"}]},{"@type":"WebSite","@id":"https:\/\/plataformacipo.org\/en\/#website","url":"https:\/\/plataformacipo.org\/en\/","name":"Plataforma CIP\u00d3","description":"Site da Plataforma CIP\u00d3","alternateName":"CIP\u00d3","potentialAction":[{"@type":"SearchAction","target":{"@type":"EntryPoint","urlTemplate":"https:\/\/plataformacipo.org\/en\/?s={search_term_string}"},"query-input":{"@type":"PropertyValueSpecification","valueRequired":true,"valueName":"search_term_string"}}],"inLanguage":"en-US"},{"@type":"Person","@id":"https:\/\/plataformacipo.org\/en\/#\/schema\/person\/f4f554780c9229f02bac955b33644b7b","name":"Plataforma CIP\u00d3","image":{"@type":"ImageObject","inLanguage":"en-US","@id":"https:\/\/plataformacipo.org\/wp-content\/uploads\/2020\/12\/image-152x152_cipo-150x150.png","url":"https:\/\/plataformacipo.org\/wp-content\/uploads\/2020\/12\/image-152x152_cipo-150x150.png","contentUrl":"https:\/\/plataformacipo.org\/wp-content\/uploads\/2020\/12\/image-152x152_cipo-150x150.png","caption":"Plataforma CIP\u00d3"},"description":"Plataforma CIP\u00d3 is an independent, women-led policy institute focusing on climate, governance, and peacebuilding in Latin America and the Caribbean and, more generally, the Global South.","sameAs":["http:\/\/plataformacipo.org\/","https:\/\/www.facebook.com\/PlataformaCipo\/","https:\/\/www.instagram.com\/plataformacipo\/","https:\/\/www.linkedin.com\/company\/plataforma-cip","https:\/\/x.com\/https:\/\/twitter.com\/plataformacipo","https:\/\/www.youtube.com\/channel\/UCCp2nuymkZHAu2UlHr3tZGA"],"url":"https:\/\/plataformacipo.org\/en\/author\/cipo\/"}]}},"_links":{"self":[{"href":"https:\/\/plataformacipo.org\/en\/wp-json\/wp\/v2\/posts\/14706","targetHints":{"allow":["GET"]}}],"collection":[{"href":"https:\/\/plataformacipo.org\/en\/wp-json\/wp\/v2\/posts"}],"about":[{"href":"https:\/\/plataformacipo.org\/en\/wp-json\/wp\/v2\/types\/post"}],"author":[{"embeddable":true,"href":"https:\/\/plataformacipo.org\/en\/wp-json\/wp\/v2\/users\/4"}],"replies":[{"embeddable":true,"href":"https:\/\/plataformacipo.org\/en\/wp-json\/wp\/v2\/comments?post=14706"}],"version-history":[{"count":2,"href":"https:\/\/plataformacipo.org\/en\/wp-json\/wp\/v2\/posts\/14706\/revisions"}],"predecessor-version":[{"id":14711,"href":"https:\/\/plataformacipo.org\/en\/wp-json\/wp\/v2\/posts\/14706\/revisions\/14711"}],"wp:featuredmedia":[{"embeddable":true,"href":"https:\/\/plataformacipo.org\/en\/wp-json\/wp\/v2\/media\/14703"}],"wp:attachment":[{"href":"https:\/\/plataformacipo.org\/en\/wp-json\/wp\/v2\/media?parent=14706"}],"wp:term":[{"taxonomy":"category","embeddable":true,"href":"https:\/\/plataformacipo.org\/en\/wp-json\/wp\/v2\/categories?post=14706"},{"taxonomy":"post_tag","embeddable":true,"href":"https:\/\/plataformacipo.org\/en\/wp-json\/wp\/v2\/tags?post=14706"}],"curies":[{"name":"wp","href":"https:\/\/api.w.org\/{rel}","templated":true}]}}