{"id":12232,"date":"2023-02-09T06:00:00","date_gmt":"2023-02-09T09:00:00","guid":{"rendered":"http:\/\/plataformacipo.org\/?p=12232"},"modified":"2023-04-12T06:50:19","modified_gmt":"2023-04-12T09:50:19","slug":"global-policy-dialogue-addressing-the-triple-planetary-crisis-through-improved-global-governance","status":"publish","type":"post","link":"https:\/\/plataformacipo.org\/en\/events\/global-policy-dialogue-addressing-the-triple-planetary-crisis-through-improved-global-governance\/","title":{"rendered":"Global Policy Dialogue in Recife: Addressing the Triple Planetary Crisis <strong>through Improved Global Governance<\/strong>"},"content":{"rendered":"\n<p>Plataforma CIP\u00d3, the Global Governance Innovation Network, Stimson Center, Global Challenges Foundation, Foundation for European Progressive Studies (FEPS) and Heinrich B\u00f6ll Foundation hosted the Global Policy Dialogue:<strong>Addressing the Triple Planetary Crisis through Improved Global Governance<\/strong>,&#8221; which took place in <strong>January 19-20, 2023<\/strong>, in Recife.<\/p>\n\n\n\n<p>The event brought together a select, yet diverse group from UN Missions and the Secretariat, think tanks, universities, the private sector, and other civil society organizations to discuss solutions for addressing the intersection between Climate Change, Biodiversity and Nature Loss and Pollution and Waste. <\/p>\n\n\n\n<p>Three of the dialogue&#8217;s panels were conducted in a hybrid format and were open to the public. Below you can access the event&#8217;s agenda, photos and live streaming recordings.<\/p>\n\n\n\n<p class=\"has-text-color\" style=\"color:#006161\"><strong>AGENDA<\/strong><\/p>\n\n\n\n<p class=\"has-text-color\" style=\"color:#006161\"><strong>DAY 1, THURSDAY<\/strong> (<strong>January 19)<\/strong><\/p>\n\n\n\n<p class=\"has-text-color\" style=\"color:#006161\"><strong>8:45AM Bras\u00edlia\/11:45AM GMT: Opening Session: &#8220;Global Governance and the Triple Planetary Crisis of Climate Change, Biodiversity and Nature Loss and Pollution and Waste&#8221;<\/strong><\/p>\n\n\n\n<p class=\"has-text-align-center has-text-color\" style=\"color:#006161\"><a href=\"https:\/\/www.youtube.com\/watch?v=GBKvozIaA88&amp;t=635s\" target=\"_blank\" rel=\"noreferrer noopener\"><em>Click here to access the opening session&#8217;s livestream recording <br><\/em><\/a><\/p>\n\n\n\n<p>Welcome remarks<\/p>\n\n\n\n<ul class=\"wp-block-list\">\n<li><strong>Dr. Abdenur<\/strong>, Executive Director of Plataforma CIP\u00d3 <\/li>\n\n\n\n<li><strong>Dr. Richard Ponzio, <\/strong>Director,<strong> <\/strong>Global Governance, Justice &amp; Security Program, Stimson Center <\/li>\n\n\n\n<li><strong>Dr. Magnus Jiborn<\/strong>, Research Director, Global Challenges Foundation <\/li>\n\n\n\n<li><strong>Annette Von Sch\u00f6nfeld<\/strong>, Diretora da Funda\u00e7\u00e3o Heinrich B\u00f6ll no Brasil <\/li>\n<\/ul>\n\n\n\n<p>Speakers<\/p>\n\n\n\n<ul class=\"wp-block-list\">\n<li><strong>Dr. Jos\u00e9 Graziano<\/strong>, Director, Instituto Fome Zero; Ex-Diretor Geral da Organiza\u00e7\u00e3o das Na\u00e7\u00f5es Unidas para a Agricultura e a Alimenta\u00e7\u00e3o, FAO <\/li>\n\n\n\n<li><strong>Dr. Maria Jo\u00e3o Rodrigues, <\/strong>President of the Foundation for European Progressive Studies (FEPS); Former member of the European Parliament <\/li>\n\n\n\n<li><strong>Dr. Izabella Teixeira, <\/strong>Former Environment Miniser of Brazil; Co-President of the International Resources Panel, United Nations <\/li>\n\n\n\n<li><strong>Her Excellency Mary Robinson<\/strong>, Former United Nations High Commissioner for Human Rights; Former President of Ireland (virtual)<\/li>\n<\/ul>\n\n\n\n<p>Moderator: <strong>Maiara Folly<\/strong>, Programmes Director at Plataforma CIP\u00d3<\/p>\n\n\n\n<p><\/p>\n\n\n\n<p class=\"has-text-color\" style=\"color:#006161\"><strong>DAY 2, FRIDAY <\/strong> <strong>(January 20)<\/strong><\/p>\n\n\n\n<p class=\"has-text-color\" style=\"color:#006161\"><strong>8:45AM Bras\u00edlia \/ 11:45AM GMT<\/strong><strong>The UN and the Triple Planetary Crisis: the role of the Global South <\/strong><\/p>\n\n\n\n<p class=\"has-text-align-center\"><em><a href=\"https:\/\/www.youtube.com\/watch?v=A2VqTogf0zI\" target=\"_blank\" rel=\"noreferrer noopener\">Click here to access the panel&#8217;s livestream recording <\/a><\/em><\/p>\n\n\n\n<p>Speakers<\/p>\n\n\n\n<ul class=\"wp-block-list\">\n<li><strong><strong>Ambassador Thilmeeza Hussain<\/strong>, Permanent Representative of the Maldives to the United Nations<\/strong> <\/li>\n\n\n\n<li><strong>Dr. Adam Day, <\/strong>UNU Center for Policy Research<strong> <\/strong><\/li>\n\n\n\n<li><strong>Dr. David Obura,<\/strong>Earth Commission member and Founding Director of CORDIO East Africa <br><br>Moderator: <strong>Dr. Fernanda Carvalho<\/strong>, WWF Global Climate and Energy Policy Lead <br><br>Reflections:<\/li>\n<\/ul>\n\n\n\n<ul class=\"wp-block-list\">\n<li><strong>Dr. Imme Scholz<\/strong>, President of the Heinrich-B\u00f6ll-Stiftung Foundation and co-chair of the Global Sustainable Development Report 2023 (virtual)<\/li>\n\n\n\n<li><strong>Juan Fernando Lucio Lopez<\/strong>, Director of Paso Colombia, One Earth Foundation <br><\/li>\n<\/ul>\n\n\n\n<p class=\"has-text-color\" style=\"color:#006161\"><strong>2:45PM (Bras\u00edlia time)<\/strong>: <strong>South-South and inter-regional cooperation to achieve climate justice and promote a just transition<\/strong> <\/p>\n\n\n\n<p class=\"has-text-align-center\"><a href=\"https:\/\/www.youtube.com\/watch?v=3CjgGU1RY2U\" target=\"_blank\" rel=\"noreferrer noopener\"><i>Click here to access the panel&#8217;s livestream recording <\/i><\/a><\/p>\n\n\n\n<p>Speakers:<\/p>\n\n\n\n<ul class=\"wp-block-list\">\n<li><strong>Ambassador Carlos Lazary<\/strong>, Executive Director of the Amazon Cooperation Treaty Organization <\/li>\n\n\n\n<li><strong>Ambassador Keisha McGuire<\/strong>, President and CEO of the Present and Future Institute (FPI); former Permanent Representative of Grenada to the UN <\/li>\n\n\n\n<li><strong>Ambassador Muhammad Ahmad Makarfi,<\/strong> Ambassador of the Federative Republic of Nigeria to Brazil <\/li>\n\n\n\n<li><strong>Dr. Maria Jo\u00e3o Rodrigues, <\/strong>President of the Foundation for European Progressive Studies (FEPS); Former member of the European Parliament <\/li>\n\n\n\n<li><strong>Fernando Andrade, <\/strong>Technical Expert on Climate Change at the United Nations Development Programme, UNDP (virtual)<br><br>Moderator: <strong>Nudhara Yusuf<\/strong>, Global Governance Innovation Network Facilitator for the Stimson Center&#8217;s Global Governance, Justice and Security Program<br><\/li>\n<\/ul>\n\n\n\n<p>The dialogue was conducted in English and Portuguese with the use of simultaneous interpretation. Access the <strong>concept note<\/strong> of the event <a href=\"http:\/\/plataformacipo.org\/wp-content\/uploads\/2022\/12\/20221020-Recife-Nota-Conceitual-GPD-pt.pdf\">here<\/a>.<\/p>\n\n\n\n<div class=\"wp-block-buttons is-layout-flex wp-block-buttons-is-layout-flex\">\n<div class=\"wp-block-button aligncenter\"><a class=\"wp-block-button__link wp-element-button\" href=\"https:\/\/www.flickr.com\/photos\/plataformacipo\/albums\/72177720306228118\" target=\"_blank\" rel=\"noreferrer noopener\">Click here to access the event&#8217;s photos<\/a><\/div>\n<\/div>\n\n\n\n<p><\/p>\n\n\n\n<p><\/p>\n\n\n\n<div class=\"wp-block-buttons is-layout-flex wp-block-buttons-is-layout-flex\">\n<div class=\"wp-block-button aligncenter\"><a class=\"wp-block-button__link wp-element-button\" href=\"http:\/\/plataformacipo.org\/wp-content\/uploads\/2023\/04\/CIPO_Recife-GPD-Summary-Report.pdf\" target=\"_blank\" rel=\"noreferrer noopener\">Read the GPD&#8217;s Summary Report<\/a><\/div>\n<\/div>\n","protected":false},"excerpt":{"rendered":"<p>Plataforma CIP\u00d3 &#8211; Global Policy Dialogue<\/p>\n","protected":false},"author":4,"featured_media":12609,"comment_status":"open","ping_status":"open","sticky":false,"template":"","format":"standard","meta":{"footnotes":""},"categories":[6246],"tags":[8823,6543,6259,6262],"class_list":{"0":"post-12232","1":"post","2":"type-post","3":"status-publish","4":"format-standard","5":"has-post-thumbnail","7":"category-events","8":"tag-global-policy-dialogue-en","9":"tag-global-governance-en","10":"tag-governanca-global-en","11":"tag-un-en"},"yoast_head":"<!-- This site is optimized with the Yoast SEO plugin v27.5 - https:\/\/yoast.com\/product\/yoast-seo-wordpress\/ -->\n<title>Global Policy Dialogue in Recife<\/title>\n<meta name=\"description\" content=\"CIP\u00d3 held, in partnership with the Stimson Center, the Global Challenges Foundation, the Global Governance Innovation Network, the Foundation for European Progressive Studies (FEPS) and the Heinrich B\u00f6ll Foundation, the workshop &quot;Addressing the Triple Planetary Crisis through Strengthening of Global Governance.\" \/>\n<meta name=\"robots\" content=\"index, follow, max-snippet:-1, max-image-preview:large, max-video-preview:-1\" \/>\n<link rel=\"canonical\" href=\"https:\/\/plataformacipo.org\/en\/events\/global-policy-dialogue-addressing-the-triple-planetary-crisis-through-improved-global-governance\/\" \/>\n<meta property=\"og:locale\" content=\"en_US\" \/>\n<meta property=\"og:type\" content=\"article\" \/>\n<meta property=\"og:title\" content=\"Global Policy Dialogue in Recife\" \/>\n<meta property=\"og:description\" content=\"CIP\u00d3 held, in partnership with the Stimson Center, the Global Challenges Foundation, the Global Governance Innovation Network, the Foundation for European Progressive Studies (FEPS) and the Heinrich B\u00f6ll Foundation, the workshop &quot;Addressing the Triple Planetary Crisis through Strengthening of Global Governance.\" \/>\n<meta property=\"og:url\" content=\"https:\/\/plataformacipo.org\/en\/events\/global-policy-dialogue-addressing-the-triple-planetary-crisis-through-improved-global-governance\/\" \/>\n<meta property=\"og:site_name\" content=\"Plataforma CIP\u00d3\" \/>\n<meta property=\"article:publisher\" content=\"https:\/\/www.facebook.com\/PlataformaCipo\/\" \/>\n<meta property=\"article:author\" content=\"https:\/\/www.facebook.com\/PlataformaCipo\/\" \/>\n<meta property=\"article:published_time\" content=\"2023-02-09T09:00:00+00:00\" \/>\n<meta property=\"article:modified_time\" content=\"2023-04-12T09:50:19+00:00\" \/>\n<meta property=\"og:image\" content=\"https:\/\/plataformacipo.org\/wp-content\/uploads\/2023\/01\/IMG-1491.jpg\" \/>\n\t<meta property=\"og:image:width\" content=\"1280\" \/>\n\t<meta property=\"og:image:height\" content=\"680\" \/>\n\t<meta property=\"og:image:type\" content=\"image\/jpeg\" \/>\n<meta name=\"author\" content=\"Plataforma CIP\u00d3\" \/>\n<meta name=\"twitter:card\" content=\"summary_large_image\" \/>\n<meta name=\"twitter:creator\" content=\"@https:\/\/twitter.com\/plataformacipo\" \/>\n<meta name=\"twitter:site\" content=\"@plataformacipo\" \/>\n<meta name=\"twitter:label1\" content=\"Written by\" \/>\n\t<meta name=\"twitter:data1\" content=\"Plataforma CIP\u00d3\" \/>\n\t<meta name=\"twitter:label2\" content=\"Est. reading time\" \/>\n\t<meta name=\"twitter:data2\" content=\"3 minutes\" \/>\n<script type=\"application\/ld+json\" class=\"yoast-schema-graph\">{\"@context\":\"https:\\\/\\\/schema.org\",\"@graph\":[{\"@type\":\"Article\",\"@id\":\"https:\\\/\\\/plataformacipo.org\\\/en\\\/events\\\/global-policy-dialogue-addressing-the-triple-planetary-crisis-through-improved-global-governance\\\/#article\",\"isPartOf\":{\"@id\":\"https:\\\/\\\/plataformacipo.org\\\/en\\\/events\\\/global-policy-dialogue-addressing-the-triple-planetary-crisis-through-improved-global-governance\\\/\"},\"author\":{\"name\":\"Plataforma CIP\u00d3\",\"@id\":\"https:\\\/\\\/plataformacipo.org\\\/en\\\/#\\\/schema\\\/person\\\/f4f554780c9229f02bac955b33644b7b\"},\"headline\":\"Global Policy Dialogue in Recife: Addressing the Triple Planetary Crisis through Improved Global Governance\",\"datePublished\":\"2023-02-09T09:00:00+00:00\",\"dateModified\":\"2023-04-12T09:50:19+00:00\",\"mainEntityOfPage\":{\"@id\":\"https:\\\/\\\/plataformacipo.org\\\/en\\\/events\\\/global-policy-dialogue-addressing-the-triple-planetary-crisis-through-improved-global-governance\\\/\"},\"wordCount\":568,\"commentCount\":0,\"image\":{\"@id\":\"https:\\\/\\\/plataformacipo.org\\\/en\\\/events\\\/global-policy-dialogue-addressing-the-triple-planetary-crisis-through-improved-global-governance\\\/#primaryimage\"},\"thumbnailUrl\":\"https:\\\/\\\/plataformacipo.org\\\/wp-content\\\/uploads\\\/2023\\\/01\\\/IMG-1491.jpg\",\"keywords\":[\"Global Policy Dialogue\",\"Global Governance\",\"Governan\u00e7a Global\",\"UN\"],\"articleSection\":[\"Events\"],\"inLanguage\":\"en-US\",\"potentialAction\":[{\"@type\":\"CommentAction\",\"name\":\"Comment\",\"target\":[\"https:\\\/\\\/plataformacipo.org\\\/en\\\/events\\\/global-policy-dialogue-addressing-the-triple-planetary-crisis-through-improved-global-governance\\\/#respond\"]}]},{\"@type\":\"WebPage\",\"@id\":\"https:\\\/\\\/plataformacipo.org\\\/en\\\/events\\\/global-policy-dialogue-addressing-the-triple-planetary-crisis-through-improved-global-governance\\\/\",\"url\":\"https:\\\/\\\/plataformacipo.org\\\/en\\\/events\\\/global-policy-dialogue-addressing-the-triple-planetary-crisis-through-improved-global-governance\\\/\",\"name\":\"Global Policy Dialogue in Recife\",\"isPartOf\":{\"@id\":\"https:\\\/\\\/plataformacipo.org\\\/en\\\/#website\"},\"primaryImageOfPage\":{\"@id\":\"https:\\\/\\\/plataformacipo.org\\\/en\\\/events\\\/global-policy-dialogue-addressing-the-triple-planetary-crisis-through-improved-global-governance\\\/#primaryimage\"},\"image\":{\"@id\":\"https:\\\/\\\/plataformacipo.org\\\/en\\\/events\\\/global-policy-dialogue-addressing-the-triple-planetary-crisis-through-improved-global-governance\\\/#primaryimage\"},\"thumbnailUrl\":\"https:\\\/\\\/plataformacipo.org\\\/wp-content\\\/uploads\\\/2023\\\/01\\\/IMG-1491.jpg\",\"datePublished\":\"2023-02-09T09:00:00+00:00\",\"dateModified\":\"2023-04-12T09:50:19+00:00\",\"author\":{\"@id\":\"https:\\\/\\\/plataformacipo.org\\\/en\\\/#\\\/schema\\\/person\\\/f4f554780c9229f02bac955b33644b7b\"},\"description\":\"CIP\u00d3 held, in partnership with the Stimson Center, the Global Challenges Foundation, the Global Governance Innovation Network, the Foundation for European Progressive Studies (FEPS) and the Heinrich B\u00f6ll Foundation, the workshop \\\"Addressing the Triple Planetary Crisis through Strengthening of Global Governance.\",\"breadcrumb\":{\"@id\":\"https:\\\/\\\/plataformacipo.org\\\/en\\\/events\\\/global-policy-dialogue-addressing-the-triple-planetary-crisis-through-improved-global-governance\\\/#breadcrumb\"},\"inLanguage\":\"en-US\",\"potentialAction\":[{\"@type\":\"ReadAction\",\"target\":[\"https:\\\/\\\/plataformacipo.org\\\/en\\\/events\\\/global-policy-dialogue-addressing-the-triple-planetary-crisis-through-improved-global-governance\\\/\"]}]},{\"@type\":\"ImageObject\",\"inLanguage\":\"en-US\",\"@id\":\"https:\\\/\\\/plataformacipo.org\\\/en\\\/events\\\/global-policy-dialogue-addressing-the-triple-planetary-crisis-through-improved-global-governance\\\/#primaryimage\",\"url\":\"https:\\\/\\\/plataformacipo.org\\\/wp-content\\\/uploads\\\/2023\\\/01\\\/IMG-1491.jpg\",\"contentUrl\":\"https:\\\/\\\/plataformacipo.org\\\/wp-content\\\/uploads\\\/2023\\\/01\\\/IMG-1491.jpg\",\"width\":1280,\"height\":680,\"caption\":\"Plataforma CIP\u00d3 - Global Policy Dialogue\"},{\"@type\":\"BreadcrumbList\",\"@id\":\"https:\\\/\\\/plataformacipo.org\\\/en\\\/events\\\/global-policy-dialogue-addressing-the-triple-planetary-crisis-through-improved-global-governance\\\/#breadcrumb\",\"itemListElement\":[{\"@type\":\"ListItem\",\"position\":1,\"name\":\"Home\",\"item\":\"https:\\\/\\\/plataformacipo.org\\\/en\\\/home\\\/\"},{\"@type\":\"ListItem\",\"position\":2,\"name\":\"Global Policy Dialogue in Recife: Addressing the Triple Planetary Crisis through Improved Global Governance\"}]},{\"@type\":\"WebSite\",\"@id\":\"https:\\\/\\\/plataformacipo.org\\\/en\\\/#website\",\"url\":\"https:\\\/\\\/plataformacipo.org\\\/en\\\/\",\"name\":\"Plataforma CIP\u00d3\",\"description\":\"Site da Plataforma CIP\u00d3\",\"alternateName\":\"CIP\u00d3\",\"potentialAction\":[{\"@type\":\"SearchAction\",\"target\":{\"@type\":\"EntryPoint\",\"urlTemplate\":\"https:\\\/\\\/plataformacipo.org\\\/en\\\/?s={search_term_string}\"},\"query-input\":{\"@type\":\"PropertyValueSpecification\",\"valueRequired\":true,\"valueName\":\"search_term_string\"}}],\"inLanguage\":\"en-US\"},{\"@type\":\"Person\",\"@id\":\"https:\\\/\\\/plataformacipo.org\\\/en\\\/#\\\/schema\\\/person\\\/f4f554780c9229f02bac955b33644b7b\",\"name\":\"Plataforma CIP\u00d3\",\"image\":{\"@type\":\"ImageObject\",\"inLanguage\":\"en-US\",\"@id\":\"https:\\\/\\\/plataformacipo.org\\\/wp-content\\\/uploads\\\/2020\\\/12\\\/image-152x152_cipo-150x150.png\",\"url\":\"https:\\\/\\\/plataformacipo.org\\\/wp-content\\\/uploads\\\/2020\\\/12\\\/image-152x152_cipo-150x150.png\",\"contentUrl\":\"https:\\\/\\\/plataformacipo.org\\\/wp-content\\\/uploads\\\/2020\\\/12\\\/image-152x152_cipo-150x150.png\",\"caption\":\"Plataforma CIP\u00d3\"},\"description\":\"Plataforma CIP\u00d3 is an independent, women-led policy institute focusing on climate, governance, and peacebuilding in Latin America and the Caribbean and, more generally, the Global South.\",\"sameAs\":[\"http:\\\/\\\/plataformacipo.org\\\/\",\"https:\\\/\\\/www.facebook.com\\\/PlataformaCipo\\\/\",\"https:\\\/\\\/www.instagram.com\\\/plataformacipo\\\/\",\"https:\\\/\\\/www.linkedin.com\\\/company\\\/plataforma-cip\",\"https:\\\/\\\/x.com\\\/https:\\\/\\\/twitter.com\\\/plataformacipo\",\"https:\\\/\\\/www.youtube.com\\\/channel\\\/UCCp2nuymkZHAu2UlHr3tZGA\"],\"url\":\"https:\\\/\\\/plataformacipo.org\\\/en\\\/author\\\/cipo\\\/\"}]}<\/script>\n<!-- \/ Yoast SEO plugin. -->","yoast_head_json":{"title":"Global Policy Dialogue in Recife","description":"CIP\u00d3 held, in partnership with the Stimson Center, the Global Challenges Foundation, the Global Governance Innovation Network, the Foundation for European Progressive Studies (FEPS) and the Heinrich B\u00f6ll Foundation, the workshop \"Addressing the Triple Planetary Crisis through Strengthening of Global Governance.","robots":{"index":"index","follow":"follow","max-snippet":"max-snippet:-1","max-image-preview":"max-image-preview:large","max-video-preview":"max-video-preview:-1"},"canonical":"https:\/\/plataformacipo.org\/en\/events\/global-policy-dialogue-addressing-the-triple-planetary-crisis-through-improved-global-governance\/","og_locale":"en_US","og_type":"article","og_title":"Global Policy Dialogue in Recife","og_description":"CIP\u00d3 held, in partnership with the Stimson Center, the Global Challenges Foundation, the Global Governance Innovation Network, the Foundation for European Progressive Studies (FEPS) and the Heinrich B\u00f6ll Foundation, the workshop \"Addressing the Triple Planetary Crisis through Strengthening of Global Governance.","og_url":"https:\/\/plataformacipo.org\/en\/events\/global-policy-dialogue-addressing-the-triple-planetary-crisis-through-improved-global-governance\/","og_site_name":"Plataforma CIP\u00d3","article_publisher":"https:\/\/www.facebook.com\/PlataformaCipo\/","article_author":"https:\/\/www.facebook.com\/PlataformaCipo\/","article_published_time":"2023-02-09T09:00:00+00:00","article_modified_time":"2023-04-12T09:50:19+00:00","og_image":[{"width":1280,"height":680,"url":"https:\/\/plataformacipo.org\/wp-content\/uploads\/2023\/01\/IMG-1491.jpg","type":"image\/jpeg"}],"author":"Plataforma CIP\u00d3","twitter_card":"summary_large_image","twitter_creator":"@https:\/\/twitter.com\/plataformacipo","twitter_site":"@plataformacipo","twitter_misc":{"Written by":"Plataforma CIP\u00d3","Est. reading time":"3 minutes"},"schema":{"@context":"https:\/\/schema.org","@graph":[{"@type":"Article","@id":"https:\/\/plataformacipo.org\/en\/events\/global-policy-dialogue-addressing-the-triple-planetary-crisis-through-improved-global-governance\/#article","isPartOf":{"@id":"https:\/\/plataformacipo.org\/en\/events\/global-policy-dialogue-addressing-the-triple-planetary-crisis-through-improved-global-governance\/"},"author":{"name":"Plataforma CIP\u00d3","@id":"https:\/\/plataformacipo.org\/en\/#\/schema\/person\/f4f554780c9229f02bac955b33644b7b"},"headline":"Global Policy Dialogue in Recife: Addressing the Triple Planetary Crisis through Improved Global Governance","datePublished":"2023-02-09T09:00:00+00:00","dateModified":"2023-04-12T09:50:19+00:00","mainEntityOfPage":{"@id":"https:\/\/plataformacipo.org\/en\/events\/global-policy-dialogue-addressing-the-triple-planetary-crisis-through-improved-global-governance\/"},"wordCount":568,"commentCount":0,"image":{"@id":"https:\/\/plataformacipo.org\/en\/events\/global-policy-dialogue-addressing-the-triple-planetary-crisis-through-improved-global-governance\/#primaryimage"},"thumbnailUrl":"https:\/\/plataformacipo.org\/wp-content\/uploads\/2023\/01\/IMG-1491.jpg","keywords":["Global Policy Dialogue","Global Governance","Governan\u00e7a Global","UN"],"articleSection":["Events"],"inLanguage":"en-US","potentialAction":[{"@type":"CommentAction","name":"Comment","target":["https:\/\/plataformacipo.org\/en\/events\/global-policy-dialogue-addressing-the-triple-planetary-crisis-through-improved-global-governance\/#respond"]}]},{"@type":"WebPage","@id":"https:\/\/plataformacipo.org\/en\/events\/global-policy-dialogue-addressing-the-triple-planetary-crisis-through-improved-global-governance\/","url":"https:\/\/plataformacipo.org\/en\/events\/global-policy-dialogue-addressing-the-triple-planetary-crisis-through-improved-global-governance\/","name":"Global Policy Dialogue in Recife","isPartOf":{"@id":"https:\/\/plataformacipo.org\/en\/#website"},"primaryImageOfPage":{"@id":"https:\/\/plataformacipo.org\/en\/events\/global-policy-dialogue-addressing-the-triple-planetary-crisis-through-improved-global-governance\/#primaryimage"},"image":{"@id":"https:\/\/plataformacipo.org\/en\/events\/global-policy-dialogue-addressing-the-triple-planetary-crisis-through-improved-global-governance\/#primaryimage"},"thumbnailUrl":"https:\/\/plataformacipo.org\/wp-content\/uploads\/2023\/01\/IMG-1491.jpg","datePublished":"2023-02-09T09:00:00+00:00","dateModified":"2023-04-12T09:50:19+00:00","author":{"@id":"https:\/\/plataformacipo.org\/en\/#\/schema\/person\/f4f554780c9229f02bac955b33644b7b"},"description":"CIP\u00d3 held, in partnership with the Stimson Center, the Global Challenges Foundation, the Global Governance Innovation Network, the Foundation for European Progressive Studies (FEPS) and the Heinrich B\u00f6ll Foundation, the workshop \"Addressing the Triple Planetary Crisis through Strengthening of Global Governance.","breadcrumb":{"@id":"https:\/\/plataformacipo.org\/en\/events\/global-policy-dialogue-addressing-the-triple-planetary-crisis-through-improved-global-governance\/#breadcrumb"},"inLanguage":"en-US","potentialAction":[{"@type":"ReadAction","target":["https:\/\/plataformacipo.org\/en\/events\/global-policy-dialogue-addressing-the-triple-planetary-crisis-through-improved-global-governance\/"]}]},{"@type":"ImageObject","inLanguage":"en-US","@id":"https:\/\/plataformacipo.org\/en\/events\/global-policy-dialogue-addressing-the-triple-planetary-crisis-through-improved-global-governance\/#primaryimage","url":"https:\/\/plataformacipo.org\/wp-content\/uploads\/2023\/01\/IMG-1491.jpg","contentUrl":"https:\/\/plataformacipo.org\/wp-content\/uploads\/2023\/01\/IMG-1491.jpg","width":1280,"height":680,"caption":"Plataforma CIP\u00d3 - Global Policy Dialogue"},{"@type":"BreadcrumbList","@id":"https:\/\/plataformacipo.org\/en\/events\/global-policy-dialogue-addressing-the-triple-planetary-crisis-through-improved-global-governance\/#breadcrumb","itemListElement":[{"@type":"ListItem","position":1,"name":"Home","item":"https:\/\/plataformacipo.org\/en\/home\/"},{"@type":"ListItem","position":2,"name":"Global Policy Dialogue in Recife: Addressing the Triple Planetary Crisis through Improved Global Governance"}]},{"@type":"WebSite","@id":"https:\/\/plataformacipo.org\/en\/#website","url":"https:\/\/plataformacipo.org\/en\/","name":"Plataforma CIP\u00d3","description":"Site da Plataforma CIP\u00d3","alternateName":"CIP\u00d3","potentialAction":[{"@type":"SearchAction","target":{"@type":"EntryPoint","urlTemplate":"https:\/\/plataformacipo.org\/en\/?s={search_term_string}"},"query-input":{"@type":"PropertyValueSpecification","valueRequired":true,"valueName":"search_term_string"}}],"inLanguage":"en-US"},{"@type":"Person","@id":"https:\/\/plataformacipo.org\/en\/#\/schema\/person\/f4f554780c9229f02bac955b33644b7b","name":"Plataforma CIP\u00d3","image":{"@type":"ImageObject","inLanguage":"en-US","@id":"https:\/\/plataformacipo.org\/wp-content\/uploads\/2020\/12\/image-152x152_cipo-150x150.png","url":"https:\/\/plataformacipo.org\/wp-content\/uploads\/2020\/12\/image-152x152_cipo-150x150.png","contentUrl":"https:\/\/plataformacipo.org\/wp-content\/uploads\/2020\/12\/image-152x152_cipo-150x150.png","caption":"Plataforma CIP\u00d3"},"description":"Plataforma CIP\u00d3 is an independent, women-led policy institute focusing on climate, governance, and peacebuilding in Latin America and the Caribbean and, more generally, the Global South.","sameAs":["http:\/\/plataformacipo.org\/","https:\/\/www.facebook.com\/PlataformaCipo\/","https:\/\/www.instagram.com\/plataformacipo\/","https:\/\/www.linkedin.com\/company\/plataforma-cip","https:\/\/x.com\/https:\/\/twitter.com\/plataformacipo","https:\/\/www.youtube.com\/channel\/UCCp2nuymkZHAu2UlHr3tZGA"],"url":"https:\/\/plataformacipo.org\/en\/author\/cipo\/"}]}},"_links":{"self":[{"href":"https:\/\/plataformacipo.org\/en\/wp-json\/wp\/v2\/posts\/12232","targetHints":{"allow":["GET"]}}],"collection":[{"href":"https:\/\/plataformacipo.org\/en\/wp-json\/wp\/v2\/posts"}],"about":[{"href":"https:\/\/plataformacipo.org\/en\/wp-json\/wp\/v2\/types\/post"}],"author":[{"embeddable":true,"href":"https:\/\/plataformacipo.org\/en\/wp-json\/wp\/v2\/users\/4"}],"replies":[{"embeddable":true,"href":"https:\/\/plataformacipo.org\/en\/wp-json\/wp\/v2\/comments?post=12232"}],"version-history":[{"count":2,"href":"https:\/\/plataformacipo.org\/en\/wp-json\/wp\/v2\/posts\/12232\/revisions"}],"predecessor-version":[{"id":13829,"href":"https:\/\/plataformacipo.org\/en\/wp-json\/wp\/v2\/posts\/12232\/revisions\/13829"}],"wp:featuredmedia":[{"embeddable":true,"href":"https:\/\/plataformacipo.org\/en\/wp-json\/wp\/v2\/media\/12609"}],"wp:attachment":[{"href":"https:\/\/plataformacipo.org\/en\/wp-json\/wp\/v2\/media?parent=12232"}],"wp:term":[{"taxonomy":"category","embeddable":true,"href":"https:\/\/plataformacipo.org\/en\/wp-json\/wp\/v2\/categories?post=12232"},{"taxonomy":"post_tag","embeddable":true,"href":"https:\/\/plataformacipo.org\/en\/wp-json\/wp\/v2\/tags?post=12232"}],"curies":[{"name":"wp","href":"https:\/\/api.w.org\/{rel}","templated":true}]}}